{"id":5399,"date":"2013-11-11T10:21:19","date_gmt":"2013-11-11T09:21:19","guid":{"rendered":"http:\/\/www.lesjardinsdelaroussiere.fr\/?p=5399"},"modified":"2013-11-17T18:57:26","modified_gmt":"2013-11-17T17:57:26","slug":"alerte-a-la-drosophile-suzukii-a-lamap","status":"publish","type":"post","link":"https:\/\/www.lesjardinsdelaroussiere.fr\/?p=5399","title":{"rendered":"Alerte \u00e0 la Drosophile Suzukii \u00e0 l&rsquo;AMAP !"},"content":{"rendered":"<p>Bonjour \u00e0 toutes et \u00e0 tous !<\/p>\n<p style=\"text-align: justify;\">Alors que les journ\u00e9es chaudes et ensoleill\u00e9es ne sont plus qu&rsquo;un lointain souvenir, que nous commen\u00e7ons \u00e0 nous pr\u00e9parer pour passer l&rsquo;hiver en nous rem\u00e9morant les bons moments ; les souvenirs en montagne, \u00e0 la plage, avec nos amis ou en famille, nos bons repas au restaurant ou pr\u00e9par\u00e9s en famille avec les bons l\u00e9gumes et fruits en provenance de notre ch\u00e8re AMAP ; nous sommes pass\u00e9s \u00e0 c\u00f4t\u00e9 d&rsquo;un drame qui s&rsquo;est d\u00e9roul\u00e9 \u00e0 l&rsquo;\u00e9chelle macroscopique et qui risque de reprendre au printemps !<\/p>\n<p style=\"text-align: justify;\">Comment cela, rien dans les journaux, \u00e0 la Tv, \u00e0 la radio, m\u00eame chose sur Facebook et Tweeter, c&rsquo;est une farce ?<\/p>\n<p style=\"text-align: justify;\">Oubliez l&rsquo;Afghanistan avec ses images d&rsquo;attaques chirurgicales par drones interpos\u00e9s, la guerre \u00e9lectronique par imagerie thermique au Mali en d\u00e9but d&rsquo;ann\u00e9e, la boucherie de la guerre 14-18, le conflit dont je vais laisser le soin \u00e0 Micka\u00ebl et Jean-Luc de vous parler, a lieu chez nous, en France, \u00e0 la Membrolles, et il oppose nos vaillants producteurs \u00e0 une insignifiante petite mouche grosse comme \u00e0 peine un \u00ab\u00a0i\u00a0\u00bb de ce pr\u00e9sent texte !<\/p>\n<p style=\"text-align: justify;\">Mais laissons Micka\u00ebl et Jean-Luc nous expliquer ce qui les pr\u00e9occupe !<\/p>\n<p style=\"text-align: justify;\"><em>Apr\u00e8s de belles r\u00e9coltes de fruits cet \u00e9t\u00e9, nous avons vu arriver fin ao\u00fbt, sur la ferme, un petit parasite (3-4mm certes) mais qui nous \u00e0 fait de gros d\u00e9g\u00e2ts : <strong>Drosophila Suzukii<\/strong> (elle nous viens d&rsquo;Asie) est une petite mouche (proche de la mouche du vinaigre) qui a la tr\u00e8s f\u00e2cheuse habitude de venir pondre ses \u0153ufs dans les fruits rouges.<\/em><\/p>\n<p style=\"text-align: justify;\"><a href=\"http:\/\/lesjardinsdelaroussiere.fr\/wp-content\/uploads\/2013\/11\/09112013_Drosophile_Suzukii.png\"><img decoding=\"async\" loading=\"lazy\" class=\"size-full wp-image-5405 alignnone\" alt=\"Drosophile Suzukii\" src=\"http:\/\/lesjardinsdelaroussiere.fr\/wp-content\/uploads\/2013\/11\/09112013_Drosophile_Suzukii.png\" width=\"510\" height=\"353\" srcset=\"http:\/\/lesjardinsdelaroussiere.fr\/wp-content\/uploads\/2013\/11\/09112013_Drosophile_Suzukii.png 510w, http:\/\/lesjardinsdelaroussiere.fr\/wp-content\/uploads\/2013\/11\/09112013_Drosophile_Suzukii-300x207.png 300w, http:\/\/lesjardinsdelaroussiere.fr\/wp-content\/uploads\/2013\/11\/09112013_Drosophile_Suzukii-433x300.png 433w\" sizes=\"(max-width: 510px) 100vw, 510px\" \/><\/a><\/p>\n<p><!--more--><em>Les larves se d\u00e9veloppent ensuite en se nourrissant de la pulpe du fruit dans lequel elles se trouvent ; les rendant pour le coup invendables.<\/em><br \/><em>Fraises, framboises, m\u00fbres, myrtilles, cerises, beaucoup de nos productions sont sensibles \u00e0 cette drosophile.<\/em><\/p>\n<p style=\"text-align: justify;\"><a href=\"http:\/\/lesjardinsdelaroussiere.fr\/wp-content\/uploads\/2013\/11\/09112013_Drosophile_fraises_endommagees.png\"><img decoding=\"async\" loading=\"lazy\" class=\"size-full wp-image-5403 alignnone\" alt=\"Drosophile fraises endommag\u00e9es\" src=\"http:\/\/lesjardinsdelaroussiere.fr\/wp-content\/uploads\/2013\/11\/09112013_Drosophile_fraises_endommagees.png\" width=\"510\" height=\"432\" srcset=\"http:\/\/lesjardinsdelaroussiere.fr\/wp-content\/uploads\/2013\/11\/09112013_Drosophile_fraises_endommagees.png 510w, http:\/\/lesjardinsdelaroussiere.fr\/wp-content\/uploads\/2013\/11\/09112013_Drosophile_fraises_endommagees-300x254.png 300w, http:\/\/lesjardinsdelaroussiere.fr\/wp-content\/uploads\/2013\/11\/09112013_Drosophile_fraises_endommagees-354x300.png 354w\" sizes=\"(max-width: 510px) 100vw, 510px\" \/><\/a><\/p>\n<p style=\"text-align: justify;\">\u00a0<a href=\"http:\/\/lesjardinsdelaroussiere.fr\/wp-content\/uploads\/2013\/11\/09112013_Drosophile_Suzukii_fruit_contramine-e1384078084866.png\"><img decoding=\"async\" loading=\"lazy\" class=\"alignnone size-full wp-image-5416\" alt=\"Drosophile Suzukii - fraise infest\u00e9e par deux larves\" src=\"http:\/\/lesjardinsdelaroussiere.fr\/wp-content\/uploads\/2013\/11\/09112013_Drosophile_Suzukii_fruit_contramine-e1384078084866.png\" width=\"510\" height=\"390\" \/><\/a><\/p>\n<p style=\"text-align: justify;\"><a href=\"http:\/\/lesjardinsdelaroussiere.fr\/wp-content\/uploads\/2013\/11\/09112013_Drosophile_framboise_endommagee.png\"><img decoding=\"async\" loading=\"lazy\" class=\"alignnone size-full wp-image-5404\" alt=\"Drosophile framboise endommag\u00e9e\" src=\"http:\/\/lesjardinsdelaroussiere.fr\/wp-content\/uploads\/2013\/11\/09112013_Drosophile_framboise_endommagee.png\" width=\"510\" height=\"371\" srcset=\"http:\/\/lesjardinsdelaroussiere.fr\/wp-content\/uploads\/2013\/11\/09112013_Drosophile_framboise_endommagee.png 510w, http:\/\/lesjardinsdelaroussiere.fr\/wp-content\/uploads\/2013\/11\/09112013_Drosophile_framboise_endommagee-300x218.png 300w, http:\/\/lesjardinsdelaroussiere.fr\/wp-content\/uploads\/2013\/11\/09112013_Drosophile_framboise_endommagee-412x300.png 412w\" sizes=\"(max-width: 510px) 100vw, 510px\" \/><\/a><\/p>\n<p style=\"text-align: justify;\"><em>Afin de nous pr\u00e9munir autant que possible de ce ravageur le printemps et l&rsquo;\u00e9t\u00e9 prochain (premiers vols de la drosophile d\u00e8s le mois de Mars), nous allons mettre en place un syst\u00e8me de pi\u00e9geage, massif, sur toute la ferme.<\/em><\/p>\n<p style=\"text-align: justify;\"><em><strong>Il s&rsquo;agit de simples bouteilles d&rsquo;eau en plastique (avec son bouchon), contenant un m\u00e9lange attractif d&rsquo;eau et de vinaigre de cidre.<\/strong><\/em><\/p>\n<p style=\"text-align: justify;\"><a href=\"http:\/\/lesjardinsdelaroussiere.fr\/wp-content\/uploads\/2013\/11\/09112013_Piege_Drosophile_Suzukii.png\"><img decoding=\"async\" loading=\"lazy\" class=\"alignnone size-full wp-image-5406\" alt=\"Pi\u00e8ge Drosophile Suzukii\" src=\"http:\/\/lesjardinsdelaroussiere.fr\/wp-content\/uploads\/2013\/11\/09112013_Piege_Drosophile_Suzukii.png\" width=\"510\" height=\"423\" srcset=\"http:\/\/lesjardinsdelaroussiere.fr\/wp-content\/uploads\/2013\/11\/09112013_Piege_Drosophile_Suzukii.png 510w, http:\/\/lesjardinsdelaroussiere.fr\/wp-content\/uploads\/2013\/11\/09112013_Piege_Drosophile_Suzukii-300x248.png 300w, http:\/\/lesjardinsdelaroussiere.fr\/wp-content\/uploads\/2013\/11\/09112013_Piege_Drosophile_Suzukii-361x300.png 361w\" sizes=\"(max-width: 510px) 100vw, 510px\" \/><\/a><\/p>\n<p style=\"text-align: justify;\"><em>Un autre moyen de lutte sera la pulv\u00e9risation sur les cultures d&rsquo;un r\u00e9pulsif \u00e0 base d&rsquo;ail et de thym qui semble fonctionner.<\/em><\/p>\n<p style=\"text-align: justify;\"><em>Comme vous le savez, en AMAP, les consomm&rsquo;acteurs peuvent \u00eatre sollicit\u00e9s par les producteurs pour participer d&rsquo;une mani\u00e8re ou d&rsquo;une autre \u00e0 la vie de la ferme.<\/em><\/p>\n<p style=\"text-align: justify;\"><strong><em>Nous souhaitions vous demandez de nous mettre de c\u00f4t\u00e9 vos bouteilles en plastique vides pour nous aider \u00e0 lutter contre cette drosophile. <br \/>Nous en avons besoin de <span style=\"text-decoration: underline;\">700<\/span>.<\/em><\/strong><br \/><strong><em>L&rsquo;enjeu est de taille ; aux vues des d\u00e9g\u00e2ts caus\u00e9s au mois de Septembre, nous craignions maintenant qu&rsquo;elle arrive d\u00e8s le d\u00e9but de la saison et nous fasse perdre la totalit\u00e9 de notre production de fruits rouges.<\/em><\/strong><\/p>\n<p style=\"text-align: justify;\">Cet appel \u00e0 l&rsquo;aide et \u00e0 la solidarit\u00e9 se passe de commentaires, sachez seulement, que cette menace est bien moins m\u00e9diatis\u00e9e que le frelon asiatique par exemple, mais qu&rsquo;elle touche de nombreux d\u00e9partements et va m\u00eame au del\u00e0 de nos fronti\u00e8res puisqu\u2019elle n&rsquo;est pas originaire de nos r\u00e9gions !<\/p>\n<p style=\"text-align: justify;\">D\u00e9crite pour la premi\u00e8re fois en 1931 par <strong>Matsumara<\/strong>, son territoire initial couvrait le Japon, la Cor\u00e9e, la Tha\u00eflande, l&rsquo;Inde, la Chine et la Russie.<br \/>Aujourd&rsquo;hui, effet pervers de la mondialisation, elle se r\u00e9pand par le biais des transports de fruits infect\u00e9s \u00e0 la vitesse de 1400 km\/an selon les experts, et couvre pratiquement tous les continents.<br \/>Elle <strong>a fait son apparition en France en 2010<\/strong>, date officielle de la premi\u00e8re d\u00e9tection, apr\u00e8s l&rsquo;Espagne, \u00e0 Tarragone, en 2008 !.<br \/>Depuis 2011, les d\u00e9g\u00e2ts se mesurent au travers d&rsquo;une bonne partie de l&rsquo;Europe&#8230;<\/p>\n<p style=\"text-align: justify;\">Pour celles et ceux qui souhaiteraient en apprendre un peu plus sur ce \u00ab\u00a0mini Attila\u00a0\u00bb, nous vous invitons \u00e0 t\u00e9l\u00e9charger ces trois documentations extr\u00eamement bien r\u00e9alis\u00e9es !<\/p>\n<p style=\"text-align: justify;\">\u00a0\u00a0 &#8211; <a href=\"http:\/\/lesjardinsdelaroussiere.fr\/wp-content\/uploads\/2013\/11\/09112013_Dossier_Drosophila_suzuki_bulletin_refbio_PACA_maraichage_mars_avril_2013.pdf\" target=\"_blank\">Dossier Drosophile Suzukii bulletin refbio PACA mara\u00eechage num\u00e9ro Avril-Mai 2013<\/a><br \/>\u00a0\u00a0 &#8211; <a href=\"http:\/\/lesjardinsdelaroussiere.fr\/wp-content\/uploads\/2013\/11\/09112013_Fiche_Reconnaitre_la_Drosophile_Suzukii_Mars_2012.pdf\" target=\"_blank\">Fiche \u00ab\u00a0Reconnaitre la Drosophile Suzukii et protection des culture\u00a0\u00bb de mars 2012<\/a><br \/>\u00a0\u00a0 &#8211; <a href=\"http:\/\/lesjardinsdelaroussiere.fr\/wp-content\/uploads\/2013\/11\/09112013_Fiche_Drosophile_Suzukii.pdf\" target=\"_blank\">Fiche technique sur la Drosophile Suzukii (de nos amis que Qu\u00e9bec)<\/a><\/p>\n<p style=\"text-align: justify;\">Nous terminerons par cette citation de Sun Tzu tir\u00e9e de \u00ab\u00a0l&rsquo;Art de la Guerre\u00a0\u00bb qui me semble fort \u00e0 propos :<\/p>\n<p style=\"text-align: justify;\"><em>\u00ab\u00a0Si vous connaissez vos ennemis et que vous vous connaissez vous-m\u00eame, mille batailles ne pourront venir \u00e0 bout de vous. <br \/>Si vous ne connaissez pas vos ennemis mais que vous vous connaissez vous-m\u00eame, vous en perdrez une sur deux. <br \/>Si vous ne connaissez ni votre ennemi ni vous-m\u00eame, chacune sera un grand danger.\u00a0\u00bb<\/em><\/p>\n<p style=\"text-align: justify;\">\u00a0<span style=\"font-size: x-small;\"><strong>Le webmaster<\/strong><\/span>. <\/p>\n","protected":false},"excerpt":{"rendered":"<p>Bonjour \u00e0 toutes et \u00e0 tous ! Alors que les journ\u00e9es chaudes et ensoleill\u00e9es ne sont plus qu&rsquo;un lointain souvenir, que nous commen\u00e7ons \u00e0 nous pr\u00e9parer pour passer l&rsquo;hiver en nous rem\u00e9morant les bons moments ; les souvenirs en montagne, &hellip; <a href=\"https:\/\/www.lesjardinsdelaroussiere.fr\/?p=5399\">Continuer la lecture <span class=\"meta-nav\">&rarr;<\/span><\/a><\/p>\n","protected":false},"author":2,"featured_media":0,"comment_status":"closed","ping_status":"open","sticky":false,"template":"","format":"standard","meta":[],"categories":[6],"tags":[260,59,60,262,261],"views":13528,"_links":{"self":[{"href":"https:\/\/www.lesjardinsdelaroussiere.fr\/index.php?rest_route=\/wp\/v2\/posts\/5399"}],"collection":[{"href":"https:\/\/www.lesjardinsdelaroussiere.fr\/index.php?rest_route=\/wp\/v2\/posts"}],"about":[{"href":"https:\/\/www.lesjardinsdelaroussiere.fr\/index.php?rest_route=\/wp\/v2\/types\/post"}],"author":[{"embeddable":true,"href":"https:\/\/www.lesjardinsdelaroussiere.fr\/index.php?rest_route=\/wp\/v2\/users\/2"}],"replies":[{"embeddable":true,"href":"https:\/\/www.lesjardinsdelaroussiere.fr\/index.php?rest_route=%2Fwp%2Fv2%2Fcomments&post=5399"}],"version-history":[{"count":15,"href":"https:\/\/www.lesjardinsdelaroussiere.fr\/index.php?rest_route=\/wp\/v2\/posts\/5399\/revisions"}],"predecessor-version":[{"id":5421,"href":"https:\/\/www.lesjardinsdelaroussiere.fr\/index.php?rest_route=\/wp\/v2\/posts\/5399\/revisions\/5421"}],"wp:attachment":[{"href":"https:\/\/www.lesjardinsdelaroussiere.fr\/index.php?rest_route=%2Fwp%2Fv2%2Fmedia&parent=5399"}],"wp:term":[{"taxonomy":"category","embeddable":true,"href":"https:\/\/www.lesjardinsdelaroussiere.fr\/index.php?rest_route=%2Fwp%2Fv2%2Fcategories&post=5399"},{"taxonomy":"post_tag","embeddable":true,"href":"https:\/\/www.lesjardinsdelaroussiere.fr\/index.php?rest_route=%2Fwp%2Fv2%2Ftags&post=5399"}],"curies":[{"name":"wp","href":"https:\/\/api.w.org\/{rel}","templated":true}]}}