{"id":5351,"date":"2013-09-16T18:38:46","date_gmt":"2013-09-16T16:38:46","guid":{"rendered":"http:\/\/www.lesjardinsdelaroussiere.fr\/?p=5351"},"modified":"2013-09-20T17:23:00","modified_gmt":"2013-09-20T15:23:00","slug":"pique-nique-du-c-a","status":"publish","type":"post","link":"https:\/\/www.lesjardinsdelaroussiere.fr\/?p=5351","title":{"rendered":"Pique-Nique du C.A"},"content":{"rendered":"<p>Bonjour \u00e0 toutes et \u00e0 tous,<\/p>\n<p style=\"text-align: justify;\">Apr\u00e8s une petite pause estivale au niveau des nouvelles de l&rsquo;AMAP, nous reprenons nos bonnes habitudes pour relater les \u00e9v\u00e8nements marquants !<\/p>\n<p style=\"text-align: justify;\">Si les AMAPiens ont pu prendre leurs quelques semaines de cong\u00e9s pour les plus chanceux, nos producteurs n&rsquo;ont pas eu cette chance et ont vaillamment assur\u00e9 le service pendant tout l&rsquo;\u00e9t\u00e9 !<\/p>\n<p style=\"text-align: justify;\">La rentr\u00e9e est d\u00e9j\u00e0 loin derri\u00e8re nous et vers la mi-septembre \u00e0 lieu le traditionnel rendez-vous des membres du Conseil d\u2019Administration pour le pique-nique !<\/p>\n<p style=\"text-align: justify;\">C&rsquo;est donc dimanche dernier, que tous les membres se sont r\u00e9unis \u00e0 la ferme de la Haute Roussi\u00e8re avec en plus un temps agr\u00e9able !<\/p>\n<p style=\"text-align: justify;\"><a href=\"http:\/\/lesjardinsdelaroussiere.fr\/wp-content\/uploads\/2013\/09\/15092013_CA_AMAP_-01.jpg\"><img decoding=\"async\" loading=\"lazy\" class=\"size-full wp-image-5344 alignnone\" alt=\"15092013_CA_AMAP_ 01\" src=\"http:\/\/lesjardinsdelaroussiere.fr\/wp-content\/uploads\/2013\/09\/15092013_CA_AMAP_-01.jpg\" width=\"500\" height=\"331\" srcset=\"http:\/\/lesjardinsdelaroussiere.fr\/wp-content\/uploads\/2013\/09\/15092013_CA_AMAP_-01.jpg 500w, http:\/\/lesjardinsdelaroussiere.fr\/wp-content\/uploads\/2013\/09\/15092013_CA_AMAP_-01-300x198.jpg 300w, http:\/\/lesjardinsdelaroussiere.fr\/wp-content\/uploads\/2013\/09\/15092013_CA_AMAP_-01-453x300.jpg 453w\" sizes=\"(max-width: 500px) 100vw, 500px\" \/><\/a><\/p>\n<p style=\"text-align: justify;\"><!--more--> Cela a \u00e9t\u00e9 l&rsquo;occasion pour les convives de faire un petit tour de l\u2019exploitation avec les commentaires ad-hoc de la mara\u00eech\u00e8re.<\/p>\n<p style=\"text-align: justify;\">Les tomates se portent \u00e0 merveille et comme on peut le constater, l&rsquo;arsenal biologique contribue \u00e0 la bonne sant\u00e9 des pieds&#8230;<\/p>\n<p><a href=\"http:\/\/lesjardinsdelaroussiere.fr\/wp-content\/uploads\/2013\/09\/15092013_CA_AMAP_-05.jpg\"><img decoding=\"async\" loading=\"lazy\" class=\"size-full wp-image-5348 alignnone\" alt=\"15092013_CA_AMAP_ 05\" src=\"http:\/\/lesjardinsdelaroussiere.fr\/wp-content\/uploads\/2013\/09\/15092013_CA_AMAP_-05.jpg\" width=\"500\" height=\"347\" srcset=\"http:\/\/lesjardinsdelaroussiere.fr\/wp-content\/uploads\/2013\/09\/15092013_CA_AMAP_-05.jpg 500w, http:\/\/lesjardinsdelaroussiere.fr\/wp-content\/uploads\/2013\/09\/15092013_CA_AMAP_-05-300x208.jpg 300w, http:\/\/lesjardinsdelaroussiere.fr\/wp-content\/uploads\/2013\/09\/15092013_CA_AMAP_-05-432x300.jpg 432w\" sizes=\"(max-width: 500px) 100vw, 500px\" \/><\/a><\/p>\n<p>\u00a0<a href=\"http:\/\/lesjardinsdelaroussiere.fr\/wp-content\/uploads\/2013\/09\/15092013_CA_AMAP_-06.jpg\"><img decoding=\"async\" loading=\"lazy\" class=\"size-full wp-image-5350 aligncenter\" alt=\"15092013_CA_AMAP_ 07\" src=\"http:\/\/lesjardinsdelaroussiere.fr\/wp-content\/uploads\/2013\/09\/15092013_CA_AMAP_-07-e1379347683122.jpg\" width=\"331\" height=\"500\" srcset=\"http:\/\/lesjardinsdelaroussiere.fr\/wp-content\/uploads\/2013\/09\/15092013_CA_AMAP_-07-e1379347683122.jpg 331w, http:\/\/lesjardinsdelaroussiere.fr\/wp-content\/uploads\/2013\/09\/15092013_CA_AMAP_-07-e1379347683122-198x300.jpg 198w\" sizes=\"(max-width: 331px) 100vw, 331px\" \/><img decoding=\"async\" loading=\"lazy\" class=\"size-full wp-image-5349 alignnone\" alt=\"15092013_CA_AMAP_ 06\" src=\"http:\/\/lesjardinsdelaroussiere.fr\/wp-content\/uploads\/2013\/09\/15092013_CA_AMAP_-06.jpg\" width=\"500\" height=\"381\" srcset=\"http:\/\/lesjardinsdelaroussiere.fr\/wp-content\/uploads\/2013\/09\/15092013_CA_AMAP_-06.jpg 500w, http:\/\/lesjardinsdelaroussiere.fr\/wp-content\/uploads\/2013\/09\/15092013_CA_AMAP_-06-300x228.jpg 300w, http:\/\/lesjardinsdelaroussiere.fr\/wp-content\/uploads\/2013\/09\/15092013_CA_AMAP_-06-393x300.jpg 393w\" sizes=\"(max-width: 500px) 100vw, 500px\" \/><\/a><\/p>\n<p style=\"text-align: justify;\">Les plants de salades n\u00e9cessitent leur ration d&rsquo;eau que S\u00e9verine dispense avec parcimonie, agriculture raisonn\u00e9e oblige&#8230;<\/p>\n<p><a href=\"http:\/\/lesjardinsdelaroussiere.fr\/wp-content\/uploads\/2013\/09\/15092013_CA_AMAP_-03.jpg\"><img decoding=\"async\" loading=\"lazy\" class=\"size-full wp-image-5346 alignnone\" alt=\"15092013_CA_AMAP_ 03\" src=\"http:\/\/lesjardinsdelaroussiere.fr\/wp-content\/uploads\/2013\/09\/15092013_CA_AMAP_-03.jpg\" width=\"500\" height=\"343\" srcset=\"http:\/\/lesjardinsdelaroussiere.fr\/wp-content\/uploads\/2013\/09\/15092013_CA_AMAP_-03.jpg 500w, http:\/\/lesjardinsdelaroussiere.fr\/wp-content\/uploads\/2013\/09\/15092013_CA_AMAP_-03-300x205.jpg 300w, http:\/\/lesjardinsdelaroussiere.fr\/wp-content\/uploads\/2013\/09\/15092013_CA_AMAP_-03-437x300.jpg 437w\" sizes=\"(max-width: 500px) 100vw, 500px\" \/><\/a><\/p>\n<p><a href=\"http:\/\/lesjardinsdelaroussiere.fr\/wp-content\/uploads\/2013\/09\/15092013_CA_AMAP_-04.jpg\"><img decoding=\"async\" loading=\"lazy\" class=\"size-full wp-image-5347 alignnone\" alt=\"15092013_CA_AMAP_ 04\" src=\"http:\/\/lesjardinsdelaroussiere.fr\/wp-content\/uploads\/2013\/09\/15092013_CA_AMAP_-04.jpg\" width=\"514\" height=\"344\" \/><\/a><\/p>\n<p>Quant aux potirons, je sens que nous allons nous r\u00e9galer cet automne pr\u00e9par\u00e9s en flancs, g\u00e2teaux, tartes ou plus classiquement en soupes !<a href=\"http:\/\/lesjardinsdelaroussiere.fr\/wp-content\/uploads\/2013\/09\/15092013_CA_AMAP_-02.jpg\"><img decoding=\"async\" loading=\"lazy\" class=\"size-full wp-image-5345 alignnone\" alt=\"15092013_CA_AMAP_ 02\" src=\"http:\/\/lesjardinsdelaroussiere.fr\/wp-content\/uploads\/2013\/09\/15092013_CA_AMAP_-02.jpg\" width=\"500\" height=\"367\" srcset=\"http:\/\/lesjardinsdelaroussiere.fr\/wp-content\/uploads\/2013\/09\/15092013_CA_AMAP_-02.jpg 500w, http:\/\/lesjardinsdelaroussiere.fr\/wp-content\/uploads\/2013\/09\/15092013_CA_AMAP_-02-300x220.jpg 300w, http:\/\/lesjardinsdelaroussiere.fr\/wp-content\/uploads\/2013\/09\/15092013_CA_AMAP_-02-408x300.jpg 408w\" sizes=\"(max-width: 500px) 100vw, 500px\" \/><\/a><\/p>\n<p style=\"text-align: justify;\">Pour la petite histoire, sachez que potirons et citrouilles se ressemblent fort puisque de la m\u00eame famille des courges, mais se distinguent par le nombre de quartiers visibles, la forme plus aplatie pour le potiron et la chaire quant \u00e0 elle est plus sucr\u00e9e et moins filandreuse que celle de la citrouille !<\/p>\n<p style=\"text-align: justify;\">Si bien \u00e9videmment le d\u00e9jeuner \u00e0 la Haute Roussi\u00e8re \u00e9tait le d\u00e9cor plant\u00e9 pour cette rencontre annuelle, nos convives n&rsquo;en ont pas moins \u00e9t\u00e9 studieux !<\/p>\n<p style=\"text-align: justify;\">Le fonctionnement de l&rsquo;AMAP \u00e9tait bien \u00e9videmment au c\u0153ur de la r\u00e9flexion avec notamment deux points importants qui ont \u00e9t\u00e9 abord\u00e9s :<\/p>\n<ul>\n<li>L&rsquo;AMAP participera au prochain forum des associations le 28 Septembre \u00e0 Montreuil-Juign\u00e9.<br \/>Il s&rsquo;agissait donc de d\u00e9finir l\u2019organisation mat\u00e9rielle (pr\u00e9sentation de l&rsquo;AMAP, d\u00e9gustations, etc.)<\/li>\n<li>L\u2019organisation du lieu de livraison le jeudi soir, avec notamment une r\u00e9flexion en cours qui sera poursuivie lors du prochain C.A afin d&rsquo;am\u00e9liorer le lieu et le rendre plus convivial.<\/li>\n<\/ul>\n<p style=\"text-align: justify;\">Voil\u00e0, vous savez tout ou presque mais je ne peux r\u00e9sister \u00e0 l&rsquo;envie de pr\u00e9ciser que des \u00ab\u00a0douceurs\u00a0\u00bb cuisin\u00e9es par une certaine Cecile L. ont \u00e9t\u00e9 fort appr\u00e9ci\u00e9es, et je ne crois pas trahir un secret non plus en pr\u00e9cisant qu&rsquo;il s&rsquo;agissait de d\u00e9licieux cannel\u00e9s et macarons&#8230;<\/p>\n<p>Veinards !<\/p>\n<p>A tr\u00e8s bient\u00f4t !<\/p>\n","protected":false},"excerpt":{"rendered":"<p>Bonjour \u00e0 toutes et \u00e0 tous, Apr\u00e8s une petite pause estivale au niveau des nouvelles de l&rsquo;AMAP, nous reprenons nos bonnes habitudes pour relater les \u00e9v\u00e8nements marquants ! Si les AMAPiens ont pu prendre leurs quelques semaines de cong\u00e9s pour &hellip; <a href=\"https:\/\/www.lesjardinsdelaroussiere.fr\/?p=5351\">Continuer la lecture <span class=\"meta-nav\">&rarr;<\/span><\/a><\/p>\n","protected":false},"author":2,"featured_media":0,"comment_status":"closed","ping_status":"open","sticky":false,"template":"","format":"standard","meta":[],"categories":[154,6],"tags":[259,239,183],"views":2374,"_links":{"self":[{"href":"https:\/\/www.lesjardinsdelaroussiere.fr\/index.php?rest_route=\/wp\/v2\/posts\/5351"}],"collection":[{"href":"https:\/\/www.lesjardinsdelaroussiere.fr\/index.php?rest_route=\/wp\/v2\/posts"}],"about":[{"href":"https:\/\/www.lesjardinsdelaroussiere.fr\/index.php?rest_route=\/wp\/v2\/types\/post"}],"author":[{"embeddable":true,"href":"https:\/\/www.lesjardinsdelaroussiere.fr\/index.php?rest_route=\/wp\/v2\/users\/2"}],"replies":[{"embeddable":true,"href":"https:\/\/www.lesjardinsdelaroussiere.fr\/index.php?rest_route=%2Fwp%2Fv2%2Fcomments&post=5351"}],"version-history":[{"count":31,"href":"https:\/\/www.lesjardinsdelaroussiere.fr\/index.php?rest_route=\/wp\/v2\/posts\/5351\/revisions"}],"predecessor-version":[{"id":5398,"href":"https:\/\/www.lesjardinsdelaroussiere.fr\/index.php?rest_route=\/wp\/v2\/posts\/5351\/revisions\/5398"}],"wp:attachment":[{"href":"https:\/\/www.lesjardinsdelaroussiere.fr\/index.php?rest_route=%2Fwp%2Fv2%2Fmedia&parent=5351"}],"wp:term":[{"taxonomy":"category","embeddable":true,"href":"https:\/\/www.lesjardinsdelaroussiere.fr\/index.php?rest_route=%2Fwp%2Fv2%2Fcategories&post=5351"},{"taxonomy":"post_tag","embeddable":true,"href":"https:\/\/www.lesjardinsdelaroussiere.fr\/index.php?rest_route=%2Fwp%2Fv2%2Ftags&post=5351"}],"curies":[{"name":"wp","href":"https:\/\/api.w.org\/{rel}","templated":true}]}}