{"id":2568,"date":"2013-05-10T18:39:08","date_gmt":"2013-05-10T16:39:08","guid":{"rendered":"http:\/\/www.lesjardinsdelaroussiere.fr\/?p=2568"},"modified":"2013-05-14T18:41:18","modified_gmt":"2013-05-14T16:41:18","slug":"nouveau-contrat-chevres","status":"publish","type":"post","link":"https:\/\/www.lesjardinsdelaroussiere.fr\/?p=2568","title":{"rendered":"Nouveau contrat ch\u00e8vres !"},"content":{"rendered":"<p>Bonjour \u00e0 toutes et \u00e0 tous,<\/p>\n<p style=\"text-align: justify;\">D\u00e9cid\u00e9ment, l&rsquo;actualit\u00e9 de ce mois de Mai semble quelque peu fournie !<\/p>\n<p style=\"text-align: justify;\">Voici que les informations sont tomb\u00e9es concernant un mets qui ne manquera pas de faire saliver les amateurs de fromage de ch\u00e8vre !<\/p>\n<p style=\"text-align: justify;\"><a href=\"http:\/\/lesjardinsdelaroussiere.fr\/wp-content\/uploads\/2013\/05\/01052013_Fromages_de_chevre_sechage.jpg\"><img decoding=\"async\" loading=\"lazy\" class=\"aligncenter size-full wp-image-2571\" alt=\"Fromages de chevre sechage\" src=\"http:\/\/lesjardinsdelaroussiere.fr\/wp-content\/uploads\/2013\/05\/01052013_Fromages_de_chevre_sechage.jpg\" width=\"500\" height=\"375\" srcset=\"http:\/\/lesjardinsdelaroussiere.fr\/wp-content\/uploads\/2013\/05\/01052013_Fromages_de_chevre_sechage.jpg 500w, http:\/\/lesjardinsdelaroussiere.fr\/wp-content\/uploads\/2013\/05\/01052013_Fromages_de_chevre_sechage-300x225.jpg 300w, http:\/\/lesjardinsdelaroussiere.fr\/wp-content\/uploads\/2013\/05\/01052013_Fromages_de_chevre_sechage-400x300.jpg 400w\" sizes=\"(max-width: 500px) 100vw, 500px\" \/><\/a>Eh oui, il est de retour, notre bon fromage de ch\u00e8vre, avec toutes ses d\u00e9clinaisons : frais, 1\/2 frais, sec, \u00e0 l&rsquo;\u00e9chalotte, au poivre, au s\u00e9same, aux noix, cendr\u00e9, et j&rsquo;en passe !<\/p>\n<p style=\"text-align: justify;\"><!--more--><a href=\"http:\/\/lesjardinsdelaroussiere.fr\/wp-content\/uploads\/2013\/05\/01052013_Fromages_de_chevre_demi_et_frais.jpg\"><img decoding=\"async\" loading=\"lazy\" class=\"aligncenter size-full wp-image-2570\" alt=\"Fromages de chevre demi et frais\" src=\"http:\/\/lesjardinsdelaroussiere.fr\/wp-content\/uploads\/2013\/05\/01052013_Fromages_de_chevre_demi_et_frais.jpg\" width=\"500\" height=\"375\" srcset=\"http:\/\/lesjardinsdelaroussiere.fr\/wp-content\/uploads\/2013\/05\/01052013_Fromages_de_chevre_demi_et_frais.jpg 500w, http:\/\/lesjardinsdelaroussiere.fr\/wp-content\/uploads\/2013\/05\/01052013_Fromages_de_chevre_demi_et_frais-300x225.jpg 300w, http:\/\/lesjardinsdelaroussiere.fr\/wp-content\/uploads\/2013\/05\/01052013_Fromages_de_chevre_demi_et_frais-400x300.jpg 400w\" sizes=\"(max-width: 500px) 100vw, 500px\" \/><\/a>Rien qu&rsquo;\u00e0 annoncer les diverses vari\u00e9t\u00e9s, j&rsquo;en ai la salive qui m&rsquo;en vient \u00e0 la bouche !<\/p>\n<p style=\"text-align: justify;\">Au fond, la vie est simple : prenez quelques feuilles de salade accompagn\u00e9es d&rsquo;une bonne vinaigrette, un bon morceau de pain tout chaud et d\u00e9posez d\u00e9licatement un bon morceau de ch\u00e8vre sec, le tout accompagn\u00e9 d&rsquo;une petite gorg\u00e9e de vin rouge et vous voici parti pour un feu d&rsquo;artifice culinaire !<\/p>\n<p style=\"text-align: justify;\">Le meilleur dans l&rsquo;affaire c&rsquo;est que l&rsquo;on peut trouver tous les ingr\u00e9dients chez nos producteurs, hormis le vin pour le moment !<\/p>\n<p style=\"text-align: justify;\">Et comme une bonne nouvelle ne vient jamais seule, nos \u00e9leveurs ont accueilli leurs nouveaux chevreaux de l&rsquo;ann\u00e9e, autant dire que la rel\u00e8ve est arriv\u00e9e et que nous allons encore profiter un temps certain des d\u00e9lices fromagers !<\/p>\n<p style=\"text-align: justify;\"><a href=\"http:\/\/lesjardinsdelaroussiere.fr\/wp-content\/uploads\/2013\/05\/01052013_Chevreaux_site.jpg\"><img decoding=\"async\" loading=\"lazy\" class=\"aligncenter size-full wp-image-2569\" alt=\"Chevreaux\" src=\"http:\/\/lesjardinsdelaroussiere.fr\/wp-content\/uploads\/2013\/05\/01052013_Chevreaux_site.jpg\" width=\"500\" height=\"328\" srcset=\"http:\/\/lesjardinsdelaroussiere.fr\/wp-content\/uploads\/2013\/05\/01052013_Chevreaux_site.jpg 500w, http:\/\/lesjardinsdelaroussiere.fr\/wp-content\/uploads\/2013\/05\/01052013_Chevreaux_site-300x196.jpg 300w, http:\/\/lesjardinsdelaroussiere.fr\/wp-content\/uploads\/2013\/05\/01052013_Chevreaux_site-457x300.jpg 457w\" sizes=\"(max-width: 500px) 100vw, 500px\" \/><\/a>Le jeudi 02 Mai, Antoine est venu nous faire go\u00fbter ses transformations et \u00e0 partir du jeudi 16 Mai, il est donc possible de souscrire un contrat.\u00a0<\/p>\n<p style=\"text-align: justify;\">Le contrat est t\u00e9l\u00e9chargeable dans la section \u00e9ponyme, ici :<\/p>\n<ul>\n<li><strong><a title=\"Contrat de ch\u00e8vre Mai 2013 \u00e0 Janvier 2014\" href=\"http:\/\/lesjardinsdelaroussiere.fr\/wp-content\/uploads\/2013\/05\/Contrat_chevre_Mai_2013_Janvier_2014.pdf\" target=\"_blank\">Contrat de ch\u00e8vre Mai 2013 &#8211; Janvier 2014<\/a><\/strong><\/li>\n<\/ul>\n<p><span style=\"color: #ff6600;\"><strong>Pour celles et ceux qui veulent en profiter avec une distribution d\u00e8s le jeudi 16 Mai, pr\u00e9venir par email la tutrice :<\/strong><\/span><\/p>\n<ul>\n<li><strong>Alice EVAIN : <a href=\"mailto:a_evain@hotmail.com\">a_evain@hotmail.com<\/a><\/strong><\/li>\n<\/ul>\n<p>A tr\u00e8s bient\u00f4t !<\/p>\n<p>&nbsp;<\/p>\n","protected":false},"excerpt":{"rendered":"<p>Bonjour \u00e0 toutes et \u00e0 tous, D\u00e9cid\u00e9ment, l&rsquo;actualit\u00e9 de ce mois de Mai semble quelque peu fournie ! Voici que les informations sont tomb\u00e9es concernant un mets qui ne manquera pas de faire saliver les amateurs de fromage de ch\u00e8vre &hellip; <a href=\"https:\/\/www.lesjardinsdelaroussiere.fr\/?p=2568\">Continuer la lecture <span class=\"meta-nav\">&rarr;<\/span><\/a><\/p>\n","protected":false},"author":3,"featured_media":0,"comment_status":"closed","ping_status":"open","sticky":false,"template":"","format":"standard","meta":[],"categories":[148,6],"tags":[30,244,185],"views":1986,"_links":{"self":[{"href":"https:\/\/www.lesjardinsdelaroussiere.fr\/index.php?rest_route=\/wp\/v2\/posts\/2568"}],"collection":[{"href":"https:\/\/www.lesjardinsdelaroussiere.fr\/index.php?rest_route=\/wp\/v2\/posts"}],"about":[{"href":"https:\/\/www.lesjardinsdelaroussiere.fr\/index.php?rest_route=\/wp\/v2\/types\/post"}],"author":[{"embeddable":true,"href":"https:\/\/www.lesjardinsdelaroussiere.fr\/index.php?rest_route=\/wp\/v2\/users\/3"}],"replies":[{"embeddable":true,"href":"https:\/\/www.lesjardinsdelaroussiere.fr\/index.php?rest_route=%2Fwp%2Fv2%2Fcomments&post=2568"}],"version-history":[{"count":4,"href":"https:\/\/www.lesjardinsdelaroussiere.fr\/index.php?rest_route=\/wp\/v2\/posts\/2568\/revisions"}],"predecessor-version":[{"id":2575,"href":"https:\/\/www.lesjardinsdelaroussiere.fr\/index.php?rest_route=\/wp\/v2\/posts\/2568\/revisions\/2575"}],"wp:attachment":[{"href":"https:\/\/www.lesjardinsdelaroussiere.fr\/index.php?rest_route=%2Fwp%2Fv2%2Fmedia&parent=2568"}],"wp:term":[{"taxonomy":"category","embeddable":true,"href":"https:\/\/www.lesjardinsdelaroussiere.fr\/index.php?rest_route=%2Fwp%2Fv2%2Fcategories&post=2568"},{"taxonomy":"post_tag","embeddable":true,"href":"https:\/\/www.lesjardinsdelaroussiere.fr\/index.php?rest_route=%2Fwp%2Fv2%2Ftags&post=2568"}],"curies":[{"name":"wp","href":"https:\/\/api.w.org\/{rel}","templated":true}]}}