{"id":2552,"date":"2013-05-11T21:08:38","date_gmt":"2013-05-11T19:08:38","guid":{"rendered":"http:\/\/www.lesjardinsdelaroussiere.fr\/?p=2552"},"modified":"2013-05-26T10:47:28","modified_gmt":"2013-05-26T08:47:28","slug":"immense-chaine-humaine-a-notre-dame-des-landes","status":"publish","type":"post","link":"https:\/\/www.lesjardinsdelaroussiere.fr\/?p=2552","title":{"rendered":"Immense cha\u00eene humaine \u00e0 Notre Dame Des Landes"},"content":{"rendered":"<p>Bonjour \u00e0 toutes et \u00e0 tous,<\/p>\n<p style=\"text-align: justify;\"><strong>Samedi 11 Mai<\/strong> marquera tr\u00e8s certainement une date dans l&rsquo;histoire \u00f4 combien tourment\u00e9e du projet de construction d&rsquo;un a\u00e9roport \u00e0 <strong>Notre Dame des Landes<\/strong> dans la Loire Atlantique, dont les d\u00e9buts remontent tout de m\u00eame au milieu des ann\u00e9es 60 !.<\/p>\n<p style=\"text-align: justify;\">A moins de vivre au fin fond du N\u00e9pal (et encore), il est impossible de ne pas \u00eatre au courant de ce projet fort controvers\u00e9 !<\/p>\n<p style=\"text-align: center;\"><a href=\"http:\/\/lesjardinsdelaroussiere.fr\/wp-content\/uploads\/2013\/05\/11052013_Affiche_officielle_NDDL.jpg\"><img decoding=\"async\" loading=\"lazy\" class=\"aligncenter size-full wp-image-2553\" alt=\"Affiche officielle manifestation NDDL\" src=\"http:\/\/lesjardinsdelaroussiere.fr\/wp-content\/uploads\/2013\/05\/11052013_Affiche_officielle_NDDL.jpg\" width=\"247\" height=\"350\" srcset=\"http:\/\/lesjardinsdelaroussiere.fr\/wp-content\/uploads\/2013\/05\/11052013_Affiche_officielle_NDDL.jpg 247w, http:\/\/lesjardinsdelaroussiere.fr\/wp-content\/uploads\/2013\/05\/11052013_Affiche_officielle_NDDL-211x300.jpg 211w\" sizes=\"(max-width: 247px) 100vw, 247px\" \/><\/a>Notre actuel Premier Ministre, <strong>Jean-Marc AYRAULT<\/strong>, ancien maire de Nantes, s&rsquo;est fait<!--more--> un devoir de mener \u00e0 terme ce <strong>projet d&rsquo;a\u00e9roport du Grand Ouest estim\u00e9 aujourd&rsquo;hui \u00e0 plus de 550 millions d&rsquo;euros<\/strong>, et qui serait r\u00e9alis\u00e9 par l&rsquo;omnipr\u00e9sent concessionnaire <strong>Vinci<\/strong> sur ce site du bocage nantais.<\/p>\n<p style=\"text-align: justify;\">Outre son utilit\u00e9 contest\u00e9e, le principal reproche fait \u00e0 ce projet pharaonique, c&rsquo;est bien entendu l&rsquo;aspect nuisible \u00e0 l&rsquo;environnement.<\/p>\n<p style=\"text-align: justify;\">Selon les estimations (les chiffres varient bien \u00e9videmment entre ceux de la pr\u00e9fecture et ceux des organisateurs) la manifestation semble avoir rassembl\u00e9 pr\u00e8s de <strong>12 \u00e0 15 000 personnes pour le chiffre le plus bas, et 40 000<\/strong> pour le plus \u00e9lev\u00e9, ce qui nous donne un chiffre m\u00e9dian de <strong>25 000<\/strong> certainement proche de la r\u00e9alit\u00e9,\u00a0 <strong><a title=\"Page officielle de l'\u00e9v\u00e8nement\" href=\"http:\/\/www.chaine-humaine-stop-aeroport.org\/fr\/\">sur un trac\u00e9 initialement pr\u00e9vu de 25 km !<\/a><\/strong><\/p>\n<p style=\"text-align: center;\"><a href=\"http:\/\/lesjardinsdelaroussiere.fr\/wp-content\/uploads\/2013\/05\/11052013_Trace_chaine_humaine_NDDL.jpg\"><img decoding=\"async\" loading=\"lazy\" class=\"aligncenter size-full wp-image-2554\" alt=\"Trac\u00e9 chaine humaine NDDL\" src=\"http:\/\/lesjardinsdelaroussiere.fr\/wp-content\/uploads\/2013\/05\/11052013_Trace_chaine_humaine_NDDL.jpg\" width=\"400\" height=\"282\" srcset=\"http:\/\/lesjardinsdelaroussiere.fr\/wp-content\/uploads\/2013\/05\/11052013_Trace_chaine_humaine_NDDL.jpg 400w, http:\/\/lesjardinsdelaroussiere.fr\/wp-content\/uploads\/2013\/05\/11052013_Trace_chaine_humaine_NDDL-300x211.jpg 300w\" sizes=\"(max-width: 400px) 100vw, 400px\" \/><\/a>Quoi qu&rsquo;il en soit, la foule est venue nombreuse de tous les d\u00e9partements limitrophes mais \u00e9galement d&rsquo;ailleurs, \u00e0 pied, en v\u00e9lo, en voiture et en autocar !<br \/>On comptait pr\u00e8s de <strong>200 comit\u00e9s anti-a\u00e9roport<\/strong>.<\/p>\n<p style=\"text-align: justify;\">Et dans cette immense cha\u00eene humaine, figurait le C.A de l&rsquo;A.M.A.P, fid\u00e8le \u00e0 son engagement dans le collectif angevin !<\/p>\n<p style=\"text-align: center;\"><a href=\"http:\/\/lesjardinsdelaroussiere.fr\/wp-content\/uploads\/2013\/02\/11052013_Chaine_humaine_manifestation_Notre_Dame_Des_Landesnewsletter.jpg\"><img decoding=\"async\" loading=\"lazy\" class=\"aligncenter size-full wp-image-2551\" alt=\"Chaine humaine manifestation Notre Dame Des Landes\" src=\"http:\/\/lesjardinsdelaroussiere.fr\/wp-content\/uploads\/2013\/02\/11052013_Chaine_humaine_manifestation_Notre_Dame_Des_Landesnewsletter.jpg\" width=\"400\" height=\"282\" srcset=\"http:\/\/lesjardinsdelaroussiere.fr\/wp-content\/uploads\/2013\/02\/11052013_Chaine_humaine_manifestation_Notre_Dame_Des_Landesnewsletter.jpg 400w, http:\/\/lesjardinsdelaroussiere.fr\/wp-content\/uploads\/2013\/02\/11052013_Chaine_humaine_manifestation_Notre_Dame_Des_Landesnewsletter-300x211.jpg 300w\" sizes=\"(max-width: 400px) 100vw, 400px\" \/><\/a>Le but de cet article n&rsquo;est bien \u00e9videmment pas d&rsquo;\u00eatre exhaustif mais de relayer le soutien du C.A de l&rsquo;A.M.A.P, je pense que vous aurez l&rsquo;opportunit\u00e9 de lire de nombreux compte rendus dans la presse locale et nationale sur cette affaire qui nous r\u00e9servera \u00e0 n&rsquo;en pas douter encore bien des surprises !.<\/p>\n<p style=\"text-align: justify;\"><span style=\"background-color: #c0c0c0;\"><strong>Liens<\/strong><strong> de la presse :<\/strong><\/span><\/p>\n<ul>\n<li><a title=\"Article E.E.L.V\" href=\"http:\/\/eelv.fr\/2013\/05\/08\/eelv-a-notre-dame-des-landes-la-chaine-humaine-pour-continuer-la-lutte-contre-ce-projet-inutile\/\" target=\"_blank\">E.E.L.V<\/a><\/li>\n<li><a title=\"Article Ouest France\" href=\"http:\/\/www.ouest-france.fr\/ofdernmin_-Chaine-humaine-a-Notre-Dame-des-Landes-40-000-personnes-selon-les-organisateurs_6346-2191479-fils-tous_filDMA.Htm\" target=\"_blank\">Ouest France<\/a><\/li>\n<li><a title=\"Article Le Monde\" href=\"http:\/\/www.lemonde.fr\/societe\/article\/2013\/05\/11\/chaine-humaine-contre-l-aeroport-de-notre-dame-des-landes_3175634_3224.html\" target=\"_blank\">Le Monde<\/a><\/li>\n<li><a title=\"Article Le Point\" href=\"http:\/\/www.lepoint.fr\/societe\/notre-dame-des-landes-des-milliers-de-personnes-convergent-pour-la-chaine-humaine-11-05-2013-1665526_23.php\" target=\"_blank\">Le Point<\/a><\/li>\n<li><a title=\"Article Lib\u00e9ration\" href=\"http:\/\/www.liberation.fr\/societe\/2013\/05\/11\/une-chaine-humaine-encercle-notre-dame-des-landes_902215\" target=\"_blank\">Lib\u00e9ration<\/a><\/li>\n<\/ul>\n<p style=\"text-align: justify;\">Pour ceux qui sont plus presse \u00ab\u00a0papier\u00a0\u00bb, je vous conseille la lecture de l&rsquo;excellent article de fond d\u00e9di\u00e9 au \u00ab\u00a0<strong>Mirage de Notre Dame des Landes<\/strong>\u00a0\u00bb paru dans le num\u00e9ro de <strong>Mai 2013 de la revue Terra Eco<\/strong>, et qui aborde l&rsquo;affaire sous tous ses angles de fa\u00e7on objective\u00a0<strong><\/strong> !<\/p>\n<p style=\"text-align: justify;\"><a href=\"http:\/\/lesjardinsdelaroussiere.fr\/wp-content\/uploads\/2013\/05\/010520123_Couverture_Terraeco_Mai_2013.jpg\"><img decoding=\"async\" loading=\"lazy\" class=\"aligncenter size-full wp-image-2980\" alt=\"Couverture Terraeco Mai 2013\" src=\"http:\/\/lesjardinsdelaroussiere.fr\/wp-content\/uploads\/2013\/05\/010520123_Couverture_Terraeco_Mai_2013.jpg\" width=\"178\" height=\"250\" \/><\/a> Quelques extraits sont disponibles en ligne sur le site web de la revue :<\/p>\n<p style=\"text-align: center;\"><a title=\"Lien vers l'article sur le site web Terra Eco\" href=\"http:\/\/www.terraeco.net\/Le-mirage-Notre-Dame-des-Landes,49369.html\" target=\"_blank\"><strong>Le mirage Notre Dame des Landes<\/strong> <\/a><\/p>\n","protected":false},"excerpt":{"rendered":"<p>Bonjour \u00e0 toutes et \u00e0 tous, Samedi 11 Mai marquera tr\u00e8s certainement une date dans l&rsquo;histoire \u00f4 combien tourment\u00e9e du projet de construction d&rsquo;un a\u00e9roport \u00e0 Notre Dame des Landes dans la Loire Atlantique, dont les d\u00e9buts remontent tout de &hellip; <a href=\"https:\/\/www.lesjardinsdelaroussiere.fr\/?p=2552\">Continuer la lecture <span class=\"meta-nav\">&rarr;<\/span><\/a><\/p>\n","protected":false},"author":2,"featured_media":0,"comment_status":"closed","ping_status":"open","sticky":false,"template":"","format":"standard","meta":[],"categories":[6],"tags":[179,241,242,243,240],"views":2600,"_links":{"self":[{"href":"https:\/\/www.lesjardinsdelaroussiere.fr\/index.php?rest_route=\/wp\/v2\/posts\/2552"}],"collection":[{"href":"https:\/\/www.lesjardinsdelaroussiere.fr\/index.php?rest_route=\/wp\/v2\/posts"}],"about":[{"href":"https:\/\/www.lesjardinsdelaroussiere.fr\/index.php?rest_route=\/wp\/v2\/types\/post"}],"author":[{"embeddable":true,"href":"https:\/\/www.lesjardinsdelaroussiere.fr\/index.php?rest_route=\/wp\/v2\/users\/2"}],"replies":[{"embeddable":true,"href":"https:\/\/www.lesjardinsdelaroussiere.fr\/index.php?rest_route=%2Fwp%2Fv2%2Fcomments&post=2552"}],"version-history":[{"count":12,"href":"https:\/\/www.lesjardinsdelaroussiere.fr\/index.php?rest_route=\/wp\/v2\/posts\/2552\/revisions"}],"predecessor-version":[{"id":2587,"href":"https:\/\/www.lesjardinsdelaroussiere.fr\/index.php?rest_route=\/wp\/v2\/posts\/2552\/revisions\/2587"}],"wp:attachment":[{"href":"https:\/\/www.lesjardinsdelaroussiere.fr\/index.php?rest_route=%2Fwp%2Fv2%2Fmedia&parent=2552"}],"wp:term":[{"taxonomy":"category","embeddable":true,"href":"https:\/\/www.lesjardinsdelaroussiere.fr\/index.php?rest_route=%2Fwp%2Fv2%2Fcategories&post=2552"},{"taxonomy":"post_tag","embeddable":true,"href":"https:\/\/www.lesjardinsdelaroussiere.fr\/index.php?rest_route=%2Fwp%2Fv2%2Ftags&post=2552"}],"curies":[{"name":"wp","href":"https:\/\/api.w.org\/{rel}","templated":true}]}}