{"id":2518,"date":"2013-05-12T15:16:14","date_gmt":"2013-05-12T13:16:14","guid":{"rendered":"http:\/\/www.lesjardinsdelaroussiere.fr\/?p=2518"},"modified":"2013-05-15T13:02:09","modified_gmt":"2013-05-15T11:02:09","slug":"visite-guidee-de-la-haute-roussiere-au-printemps","status":"publish","type":"post","link":"https:\/\/www.lesjardinsdelaroussiere.fr\/?p=2518","title":{"rendered":"Visite guid\u00e9e de la Haute Roussi\u00e8re au printemps !"},"content":{"rendered":"<p style=\"text-align: justify;\">Bonjour \u00e0 toutes et \u00e0 tous !<\/p>\n<p style=\"text-align: justify;\">En ce beau printemps&#8230; humide, m&rsquo;est venue l&rsquo;envie de visiter les serres de la Haute Roussi\u00e8re !<\/p>\n<p style=\"text-align: justify;\">Il m&rsquo;a fallu jouer au gymkhana avec la m\u00e9t\u00e9o, mes disponibilit\u00e9s et celles de notre productrice, bref, il \u00e9tait grand temps de prendre le taureau par les cornes si je voulais mener \u00e0 bien mon projet !<\/p>\n<p style=\"text-align: justify;\">Comme beaucoup d&rsquo;entre nous, je me disais, un jour je profiterai d&rsquo;une visite guid\u00e9e pour d\u00e9couvrir l&rsquo;envers du d\u00e9cor et savoir ce qui se trame pendant cette premi\u00e8re partie d\u00e9cisive de la vie de nos l\u00e9gumes qui ne sont encore que des plants !<\/p>\n<p style=\"text-align: justify;\">C&rsquo;est donc par un temps plut\u00f4t maussade que j&rsquo;ai saisis mon mat\u00e9riel photo et que je me suis rendu \u00e0 la Haute Roussi\u00e8re non sans avoir pest\u00e9 contre les indications sommaires de Google Maps !<\/p>\n<p style=\"text-align: justify;\"><a href=\"http:\/\/lesjardinsdelaroussiere.fr\/wp-content\/uploads\/2013\/04\/Severine_CLORY_La_Haute_Roussiere_La_Membrole_Sur_Longuenee.png\"><img decoding=\"async\" loading=\"lazy\" class=\"aligncenter size-full wp-image-1493\" alt=\"Severine CLORY La Haute Roussiere La Membrole Sur Longuenee\" src=\"http:\/\/lesjardinsdelaroussiere.fr\/wp-content\/uploads\/2013\/04\/Severine_CLORY_La_Haute_Roussiere_La_Membrole_Sur_Longuenee.png\" width=\"350\" height=\"334\" srcset=\"http:\/\/lesjardinsdelaroussiere.fr\/wp-content\/uploads\/2013\/04\/Severine_CLORY_La_Haute_Roussiere_La_Membrole_Sur_Longuenee.png 350w, http:\/\/lesjardinsdelaroussiere.fr\/wp-content\/uploads\/2013\/04\/Severine_CLORY_La_Haute_Roussiere_La_Membrole_Sur_Longuenee-300x286.png 300w, http:\/\/lesjardinsdelaroussiere.fr\/wp-content\/uploads\/2013\/04\/Severine_CLORY_La_Haute_Roussiere_La_Membrole_Sur_Longuenee-314x300.png 314w\" sizes=\"(max-width: 350px) 100vw, 350px\" \/><\/a><\/p>\n<p style=\"text-align: justify;\">Ma l\u00e9g\u00e8ret\u00e9 \u00e0 vite fait place au plaisir de me promener au coeur de Dame Nature, et le parcours<!--more-->en montagnes russes m&rsquo;a permis de me reposer les yeux sur cette \u00e9tendue de verdure \u00e0 perte de vue, les vallons rythmant mon horizon, la route sinueuse dans la for\u00eat avec ses chants d&rsquo;oiseaux, le vent faisant onduler le bl\u00e9 au loin dans les champs, la douceur angevine me caressant le visage par la fen\u00eatre ouverte, bref, un splendide tableau printanier o\u00f9 il faisait bon fl\u00e2ner au point de presque oublier de s&rsquo;arr\u00eater !<\/p>\n<p style=\"text-align: justify;\"><a href=\"http:\/\/lesjardinsdelaroussiere.fr\/wp-content\/uploads\/2013\/05\/10052013_Les_vallons_la_Haute_Roussiere.jpg\"><img decoding=\"async\" loading=\"lazy\" class=\"aligncenter size-full wp-image-2494\" alt=\"Les vallons de la Haute Roussiere\" src=\"http:\/\/lesjardinsdelaroussiere.fr\/wp-content\/uploads\/2013\/05\/10052013_Les_vallons_la_Haute_Roussiere.jpg\" width=\"500\" height=\"332\" srcset=\"http:\/\/lesjardinsdelaroussiere.fr\/wp-content\/uploads\/2013\/05\/10052013_Les_vallons_la_Haute_Roussiere.jpg 500w, http:\/\/lesjardinsdelaroussiere.fr\/wp-content\/uploads\/2013\/05\/10052013_Les_vallons_la_Haute_Roussiere-300x199.jpg 300w, http:\/\/lesjardinsdelaroussiere.fr\/wp-content\/uploads\/2013\/05\/10052013_Les_vallons_la_Haute_Roussiere-451x300.jpg 451w\" sizes=\"(max-width: 500px) 100vw, 500px\" \/><\/a>En haut de la route, soudain une trou\u00e9e, et \u00e0 ma droite, la ferme de la Haute Roussi\u00e8re !<\/p>\n<p style=\"text-align: justify;\">Au portail, je vois au loin, le visage enti\u00e8rement couvert par un casque de protection int\u00e9gral, engonc\u00e9e et prot\u00e9g\u00e9e dans des v\u00eatements recouvrant tout le corps, une personne qui passe le taille herbes maintenu autour de la taille par son harnais de s\u00e9curit\u00e9, un petit signe pour me dire qu&rsquo;elle termine, et c&rsquo;est notre productrice avec son c\u00e9l\u00e8bre sourire qui m&rsquo;accueille pour me faire la visite guid\u00e9e de l&rsquo;exploitation !<\/p>\n<p style=\"text-align: justify;\">Le temps de poser le lourd sac photo dans une remise, nous commen\u00e7ons \u00e0 discuter de la ferme, j&rsquo;\u00e9coute les explications de S\u00e9verine qui commence la visite guid\u00e9e&#8230;<\/p>\n<p style=\"text-align: justify;\">Ce printemps, comme tout le monde, nous avons constat\u00e9 outre les pluies plus soutenues, une baisse de l&rsquo;ensoleillement fort cons\u00e9quente, de l&rsquo;ordre de 30 \u00e0 40% selon les r\u00e9gions.<br \/>Cela a forc\u00e9ment un impact sur les cultures, car si l&rsquo;eau et les temp\u00e9ratures sont deux variables \u00e9galement importantes de l&rsquo;\u00e9quation, l&rsquo;ensoleillement est \u00e0 la base de la photosynth\u00e8se !<\/p>\n<p style=\"text-align: justify;\">En ce mois de Mai, enfin, les temp\u00e9ratures sont remont\u00e9es, les pluies ont fait place \u00e0 un peu plus de soleil, et fort logiquement, les plants ont pu commencer \u00e0 sortir.<br \/>S\u00e9verine reste confiante sur la production de cette ann\u00e9e et c&rsquo;est donc un \u00ab\u00a0instantan\u00e9\u00a0\u00bb de l&rsquo;exploitation en ce d\u00e9but de mois de Mai que je vous invite \u00e0 d\u00e9couvrir\u00a0au travers des\u00a0photos&#8230;<\/p>\n<p style=\"text-align: justify;\">Au loin, sous ce ciel gris et mena\u00e7ant, on peut apercevoir les 5 serres de l&rsquo;exploitation, celle la plus \u00e0 gauche \u00e9tant la toute nouvelle acquise par S\u00e9verine, mais nous allons y revenir dans quelques instants !<\/p>\n<p style=\"text-align: justify;\"><a href=\"http:\/\/lesjardinsdelaroussiere.fr\/wp-content\/uploads\/2013\/05\/10052013_Les_5_Serres.jpg\"><img decoding=\"async\" loading=\"lazy\" class=\"aligncenter size-full wp-image-2520\" alt=\"La Haute Roussiere, les 5 serres\" src=\"http:\/\/lesjardinsdelaroussiere.fr\/wp-content\/uploads\/2013\/05\/10052013_Les_5_Serres.jpg\" width=\"500\" height=\"332\" srcset=\"http:\/\/lesjardinsdelaroussiere.fr\/wp-content\/uploads\/2013\/05\/10052013_Les_5_Serres.jpg 500w, http:\/\/lesjardinsdelaroussiere.fr\/wp-content\/uploads\/2013\/05\/10052013_Les_5_Serres-300x199.jpg 300w, http:\/\/lesjardinsdelaroussiere.fr\/wp-content\/uploads\/2013\/05\/10052013_Les_5_Serres-451x300.jpg 451w\" sizes=\"(max-width: 500px) 100vw, 500px\" \/><\/a>Sur notre gauche, un peu \u00e0 l&rsquo;\u00e9cart, prot\u00e9g\u00e9s par une rang\u00e9e d&rsquo;arbres fruitiers, se tenaient tranquillement \u00e0 l&rsquo;abri, quelques rangs de la production de S\u00e9verine, de l&rsquo;ail pour les deux premiers rangs \u00e0 droite ainsi qu&rsquo;un rang de f\u00e8ves prometteur dont les premi\u00e8res fleurs \u00e9taient apparues depuis peu !<\/p>\n<p style=\"text-align: justify;\"><a href=\"http:\/\/lesjardinsdelaroussiere.fr\/wp-content\/uploads\/2013\/05\/10052013_DaG_ail_ail_feves.jpg\"><img decoding=\"async\" loading=\"lazy\" class=\"aligncenter size-full wp-image-2483\" alt=\"De droite \u00e0 gauche : 2 rangs d'ail et f\u00e8ves\" src=\"http:\/\/lesjardinsdelaroussiere.fr\/wp-content\/uploads\/2013\/05\/10052013_DaG_ail_ail_feves.jpg\" width=\"500\" height=\"332\" srcset=\"http:\/\/lesjardinsdelaroussiere.fr\/wp-content\/uploads\/2013\/05\/10052013_DaG_ail_ail_feves.jpg 500w, http:\/\/lesjardinsdelaroussiere.fr\/wp-content\/uploads\/2013\/05\/10052013_DaG_ail_ail_feves-300x199.jpg 300w, http:\/\/lesjardinsdelaroussiere.fr\/wp-content\/uploads\/2013\/05\/10052013_DaG_ail_ail_feves-451x300.jpg 451w\" sizes=\"(max-width: 500px) 100vw, 500px\" \/><\/a><a href=\"http:\/\/lesjardinsdelaroussiere.fr\/wp-content\/uploads\/2013\/05\/10052013_Detail_fleurs_plant_feves.jpg\"><img decoding=\"async\" loading=\"lazy\" class=\"aligncenter size-full wp-image-2485\" alt=\"D\u00e9tail fleurs de plant de f\u00e8ves\" src=\"http:\/\/lesjardinsdelaroussiere.fr\/wp-content\/uploads\/2013\/05\/10052013_Detail_fleurs_plant_feves.jpg\" width=\"331\" height=\"500\" srcset=\"http:\/\/lesjardinsdelaroussiere.fr\/wp-content\/uploads\/2013\/05\/10052013_Detail_fleurs_plant_feves.jpg 331w, http:\/\/lesjardinsdelaroussiere.fr\/wp-content\/uploads\/2013\/05\/10052013_Detail_fleurs_plant_feves-198x300.jpg 198w\" sizes=\"(max-width: 331px) 100vw, 331px\" \/><\/a>Nous reprenons notre visite en coupant \u00e0 travers champs, la terre, malgr\u00e9 les pluies soutenues de ce printemps est s\u00e8che en surface, l\u00e9g\u00e8rement craquel\u00e9e m\u00eame par endroits&#8230;<\/p>\n<p style=\"text-align: justify;\">Les premiers plants que nous voyons sont ceux d&rsquo;\u00e9chalotes dress\u00e9es fi\u00e8rement sur 4 rangs serr\u00e9s&#8230;<\/p>\n<p style=\"text-align: justify;\"><a href=\"http:\/\/lesjardinsdelaroussiere.fr\/wp-content\/uploads\/2013\/05\/10052013_Rangs_poireaux.jpg\"><img decoding=\"async\" loading=\"lazy\" class=\"aligncenter size-full wp-image-2523\" alt=\"Rangs de poireaux\" src=\"http:\/\/lesjardinsdelaroussiere.fr\/wp-content\/uploads\/2013\/05\/10052013_Rangs_poireaux.jpg\" width=\"500\" height=\"332\" srcset=\"http:\/\/lesjardinsdelaroussiere.fr\/wp-content\/uploads\/2013\/05\/10052013_Rangs_poireaux.jpg 500w, http:\/\/lesjardinsdelaroussiere.fr\/wp-content\/uploads\/2013\/05\/10052013_Rangs_poireaux-300x199.jpg 300w, http:\/\/lesjardinsdelaroussiere.fr\/wp-content\/uploads\/2013\/05\/10052013_Rangs_poireaux-451x300.jpg 451w\" sizes=\"(max-width: 500px) 100vw, 500px\" \/><\/a> <a href=\"http:\/\/lesjardinsdelaroussiere.fr\/wp-content\/uploads\/2013\/05\/10052013_Rang_d_echalotes.jpg\"><img decoding=\"async\" loading=\"lazy\" class=\"aligncenter size-full wp-image-2507\" alt=\"Rangs d'\u00e9chalotes\" src=\"http:\/\/lesjardinsdelaroussiere.fr\/wp-content\/uploads\/2013\/05\/10052013_Rang_d_echalotes.jpg\" width=\"500\" height=\"331\" srcset=\"http:\/\/lesjardinsdelaroussiere.fr\/wp-content\/uploads\/2013\/05\/10052013_Rang_d_echalotes.jpg 500w, http:\/\/lesjardinsdelaroussiere.fr\/wp-content\/uploads\/2013\/05\/10052013_Rang_d_echalotes-300x198.jpg 300w, http:\/\/lesjardinsdelaroussiere.fr\/wp-content\/uploads\/2013\/05\/10052013_Rang_d_echalotes-453x300.jpg 453w\" sizes=\"(max-width: 500px) 100vw, 500px\" \/><\/a>Non loin de l\u00e0, la production de blettes, betteraves, fenouils, s&rsquo;\u00e9tire \u00e0 l&rsquo;horizon tandis que S\u00e9verine d\u00e9sherbe minutieusement autour des minuscules plants de carottes tout juste sortis de terre !<\/p>\n<p style=\"text-align: justify;\"><a href=\"http:\/\/lesjardinsdelaroussiere.fr\/wp-content\/uploads\/2013\/05\/10052013_DaG_Blettes_betteraves_fenouil_carottes.jpg\"><img decoding=\"async\" loading=\"lazy\" class=\"aligncenter size-full wp-image-2484\" alt=\"De droite \u00e0 gauche : blettes, betteraves, fenouil et carottes\" src=\"http:\/\/lesjardinsdelaroussiere.fr\/wp-content\/uploads\/2013\/05\/10052013_DaG_Blettes_betteraves_fenouil_carottes.jpg\" width=\"500\" height=\"331\" srcset=\"http:\/\/lesjardinsdelaroussiere.fr\/wp-content\/uploads\/2013\/05\/10052013_DaG_Blettes_betteraves_fenouil_carottes.jpg 500w, http:\/\/lesjardinsdelaroussiere.fr\/wp-content\/uploads\/2013\/05\/10052013_DaG_Blettes_betteraves_fenouil_carottes-300x198.jpg 300w, http:\/\/lesjardinsdelaroussiere.fr\/wp-content\/uploads\/2013\/05\/10052013_DaG_Blettes_betteraves_fenouil_carottes-453x300.jpg 453w\" sizes=\"(max-width: 500px) 100vw, 500px\" \/><\/a>J&rsquo;avoue que m\u00eame habitu\u00e9 \u00e0 faire du jardinage, j&rsquo;aurais un peu de mal au d\u00e9but \u00e0 faire le tri entre le &#8230; bon grain et l&rsquo;ivraie !<\/p>\n<p style=\"text-align: justify;\"><a href=\"http:\/\/lesjardinsdelaroussiere.fr\/wp-content\/uploads\/2013\/05\/10052013_Minuscules_plants_de_carottes.jpg\"><img decoding=\"async\" loading=\"lazy\" class=\"aligncenter size-full wp-image-2525\" alt=\"La Haute Roussi\u00e8re : minuscules plants de carottes\" src=\"http:\/\/lesjardinsdelaroussiere.fr\/wp-content\/uploads\/2013\/05\/10052013_Minuscules_plants_de_carottes.jpg\" width=\"500\" height=\"331\" srcset=\"http:\/\/lesjardinsdelaroussiere.fr\/wp-content\/uploads\/2013\/05\/10052013_Minuscules_plants_de_carottes.jpg 500w, http:\/\/lesjardinsdelaroussiere.fr\/wp-content\/uploads\/2013\/05\/10052013_Minuscules_plants_de_carottes-300x198.jpg 300w, http:\/\/lesjardinsdelaroussiere.fr\/wp-content\/uploads\/2013\/05\/10052013_Minuscules_plants_de_carottes-453x300.jpg 453w\" sizes=\"(max-width: 500px) 100vw, 500px\" \/><\/a>La terre, m&rsquo;explique t&rsquo;elle, \u00e0 \u00e9t\u00e9 br\u00fbl\u00e9e peu de temps avant en surface afin de d\u00e9sherber une premi\u00e8re fois et ainsi faciliter le travail par la suite, car malgr\u00e9 tout, il faudra quand m\u00eame continuer de d\u00e9sherber manuellement dans les jours et semaines \u00e0 venir !<br \/>C&rsquo;est cela le travail de producteur bio, beaucoup de main d&rsquo;oeuvre o\u00f9 les exploitants \u00ab\u00a0traditionnels\u00a0\u00bb vont parfois se reposer sur une op\u00e9ration chimique&#8230;<\/p>\n<p style=\"text-align: justify;\">Les blettes, betteraves sont tout de m\u00eame plus \u00ab\u00a0facilement\u00a0\u00bb reconnaissables !<\/p>\n<p style=\"text-align: justify;\"><a href=\"http:\/\/lesjardinsdelaroussiere.fr\/wp-content\/uploads\/2013\/05\/10052013_Rang_de_blettes.jpg\"><img decoding=\"async\" loading=\"lazy\" class=\"aligncenter size-full wp-image-2510\" alt=\"Rangs de blettes\" src=\"http:\/\/lesjardinsdelaroussiere.fr\/wp-content\/uploads\/2013\/05\/10052013_Rang_de_blettes.jpg\" width=\"500\" height=\"331\" srcset=\"http:\/\/lesjardinsdelaroussiere.fr\/wp-content\/uploads\/2013\/05\/10052013_Rang_de_blettes.jpg 500w, http:\/\/lesjardinsdelaroussiere.fr\/wp-content\/uploads\/2013\/05\/10052013_Rang_de_blettes-300x198.jpg 300w, http:\/\/lesjardinsdelaroussiere.fr\/wp-content\/uploads\/2013\/05\/10052013_Rang_de_blettes-453x300.jpg 453w\" sizes=\"(max-width: 500px) 100vw, 500px\" \/><\/a><a href=\"http:\/\/lesjardinsdelaroussiere.fr\/wp-content\/uploads\/2013\/05\/10052013_Rang_de_betteraves.jpg\"><img decoding=\"async\" loading=\"lazy\" class=\"aligncenter size-full wp-image-2509\" alt=\"Rang de betteraves\" src=\"http:\/\/lesjardinsdelaroussiere.fr\/wp-content\/uploads\/2013\/05\/10052013_Rang_de_betteraves.jpg\" width=\"500\" height=\"331\" srcset=\"http:\/\/lesjardinsdelaroussiere.fr\/wp-content\/uploads\/2013\/05\/10052013_Rang_de_betteraves.jpg 500w, http:\/\/lesjardinsdelaroussiere.fr\/wp-content\/uploads\/2013\/05\/10052013_Rang_de_betteraves-300x198.jpg 300w, http:\/\/lesjardinsdelaroussiere.fr\/wp-content\/uploads\/2013\/05\/10052013_Rang_de_betteraves-453x300.jpg 453w\" sizes=\"(max-width: 500px) 100vw, 500px\" \/><\/a>Non loin de l\u00e0, les plants de salades (batavia et laitues essentiellement), c\u00f4toient les choux raves et les courgettes&#8230;<\/p>\n<p style=\"text-align: justify;\"><a href=\"http:\/\/lesjardinsdelaroussiere.fr\/wp-content\/uploads\/2013\/05\/10052013_Rangs_salades_batavia_et_laitues.jpg\"><img decoding=\"async\" loading=\"lazy\" class=\"aligncenter size-full wp-image-2515\" alt=\"Rangs de salades batavia et laitues\" src=\"http:\/\/lesjardinsdelaroussiere.fr\/wp-content\/uploads\/2013\/05\/10052013_Rangs_salades_batavia_et_laitues.jpg\" width=\"500\" height=\"331\" srcset=\"http:\/\/lesjardinsdelaroussiere.fr\/wp-content\/uploads\/2013\/05\/10052013_Rangs_salades_batavia_et_laitues.jpg 500w, http:\/\/lesjardinsdelaroussiere.fr\/wp-content\/uploads\/2013\/05\/10052013_Rangs_salades_batavia_et_laitues-300x198.jpg 300w, http:\/\/lesjardinsdelaroussiere.fr\/wp-content\/uploads\/2013\/05\/10052013_Rangs_salades_batavia_et_laitues-453x300.jpg 453w\" sizes=\"(max-width: 500px) 100vw, 500px\" \/><\/a><a href=\"http:\/\/lesjardinsdelaroussiere.fr\/wp-content\/uploads\/2013\/05\/10052013_Rang_choux_raves.jpg\"><img decoding=\"async\" loading=\"lazy\" class=\"aligncenter size-full wp-image-2506\" alt=\"Rangs de choux raves\" src=\"http:\/\/lesjardinsdelaroussiere.fr\/wp-content\/uploads\/2013\/05\/10052013_Rang_choux_raves.jpg\" width=\"500\" height=\"331\" srcset=\"http:\/\/lesjardinsdelaroussiere.fr\/wp-content\/uploads\/2013\/05\/10052013_Rang_choux_raves.jpg 500w, http:\/\/lesjardinsdelaroussiere.fr\/wp-content\/uploads\/2013\/05\/10052013_Rang_choux_raves-300x198.jpg 300w, http:\/\/lesjardinsdelaroussiere.fr\/wp-content\/uploads\/2013\/05\/10052013_Rang_choux_raves-453x300.jpg 453w\" sizes=\"(max-width: 500px) 100vw, 500px\" \/><\/a><a href=\"http:\/\/lesjardinsdelaroussiere.fr\/wp-content\/uploads\/2013\/05\/10052013_Rang_de_courgettes.jpg\"><img decoding=\"async\" loading=\"lazy\" class=\"aligncenter size-full wp-image-2511\" alt=\"Plant de courgette\" src=\"http:\/\/lesjardinsdelaroussiere.fr\/wp-content\/uploads\/2013\/05\/10052013_Rang_de_courgettes.jpg\" width=\"500\" height=\"331\" srcset=\"http:\/\/lesjardinsdelaroussiere.fr\/wp-content\/uploads\/2013\/05\/10052013_Rang_de_courgettes.jpg 500w, http:\/\/lesjardinsdelaroussiere.fr\/wp-content\/uploads\/2013\/05\/10052013_Rang_de_courgettes-300x198.jpg 300w, http:\/\/lesjardinsdelaroussiere.fr\/wp-content\/uploads\/2013\/05\/10052013_Rang_de_courgettes-453x300.jpg 453w\" sizes=\"(max-width: 500px) 100vw, 500px\" \/><\/a>Sans oublier les 3 rangs de 4 rang\u00e9es d&rsquo;\u00e9pinards !<\/p>\n<p style=\"text-align: justify;\"><a href=\"http:\/\/lesjardinsdelaroussiere.fr\/wp-content\/uploads\/2013\/05\/10052013_Trois_rangs_d_epinards.jpg\"><img decoding=\"async\" loading=\"lazy\" class=\"aligncenter size-full wp-image-2516\" alt=\"Trois rangs d'\u00e9pinards\" src=\"http:\/\/lesjardinsdelaroussiere.fr\/wp-content\/uploads\/2013\/05\/10052013_Trois_rangs_d_epinards.jpg\" width=\"500\" height=\"331\" srcset=\"http:\/\/lesjardinsdelaroussiere.fr\/wp-content\/uploads\/2013\/05\/10052013_Trois_rangs_d_epinards.jpg 500w, http:\/\/lesjardinsdelaroussiere.fr\/wp-content\/uploads\/2013\/05\/10052013_Trois_rangs_d_epinards-300x198.jpg 300w, http:\/\/lesjardinsdelaroussiere.fr\/wp-content\/uploads\/2013\/05\/10052013_Trois_rangs_d_epinards-453x300.jpg 453w\" sizes=\"(max-width: 500px) 100vw, 500px\" \/><\/a><\/p>\n<p style=\"text-align: justify;\"><a href=\"http:\/\/lesjardinsdelaroussiere.fr\/wp-content\/uploads\/2013\/05\/10052013_Detail_rang_d_epinards.jpg\"><img decoding=\"async\" loading=\"lazy\" class=\"aligncenter size-full wp-image-2486\" alt=\"D\u00e9tail rang d'\u00e9pinards\" src=\"http:\/\/lesjardinsdelaroussiere.fr\/wp-content\/uploads\/2013\/05\/10052013_Detail_rang_d_epinards.jpg\" width=\"500\" height=\"331\" srcset=\"http:\/\/lesjardinsdelaroussiere.fr\/wp-content\/uploads\/2013\/05\/10052013_Detail_rang_d_epinards.jpg 500w, http:\/\/lesjardinsdelaroussiere.fr\/wp-content\/uploads\/2013\/05\/10052013_Detail_rang_d_epinards-300x198.jpg 300w, http:\/\/lesjardinsdelaroussiere.fr\/wp-content\/uploads\/2013\/05\/10052013_Detail_rang_d_epinards-453x300.jpg 453w\" sizes=\"(max-width: 500px) 100vw, 500px\" \/><\/a>Nous revenons vers le centre du terrain o\u00f9 se trouvent les 5 serres qui constituent le coeur de l&rsquo;exploitation \u00ab\u00a0couverte\u00a0\u00bb.<\/p>\n<p style=\"text-align: justify;\">La premi\u00e8re serre, la plus proche de nous (<em>tout \u00e0 gauche sur le clich\u00e9 en d\u00e9but d&rsquo;article<\/em>), est d&rsquo;ailleurs la toute nouvelle pour laquelle j&rsquo;avais initialement pr\u00e9vu cet article que j&rsquo;ai finalement d\u00e9cid\u00e9 de transformer en visite guid\u00e9e !<br \/>Cette nouvelle serre acquise au printemps, est une serre d&rsquo;occasion car le mat\u00e9riel est tr\u00e8s on\u00e9reux et peu d&rsquo;exploitants peuvent se permettre des achats en \u00ab\u00a0neuf\u00a0\u00bb !<br \/>Malgr\u00e9 tout pour un novice comme moi, elle semble neuve, \u00e0 regarder l&rsquo;\u00e9tat impeccable des manivelles permettant d&rsquo;actionner les m\u00e9canismes ! <br \/>Dans cette nouvelle serre, S\u00e9verine \u00e0 plant\u00e9 quelque 500 plants de tomates, c&rsquo;est \u00e0 dire la moiti\u00e9 de sa production !<\/p>\n<p style=\"text-align: justify;\">A titre d&rsquo;information, S\u00e9verine calcule comme suit sa production : 10 pieds de tomates par adh\u00e9rent, 4 pieds de poivron et d&rsquo;aubergines, 2 pieds de concombres et ainsi de suite !<\/p>\n<p style=\"text-align: justify;\">Mais regardons en images&#8230;<\/p>\n<p style=\"text-align: justify;\"><a href=\"http:\/\/lesjardinsdelaroussiere.fr\/wp-content\/uploads\/2013\/05\/10052013_La_nouvelle_serre.jpg\"><img decoding=\"async\" loading=\"lazy\" class=\"aligncenter size-full wp-image-2521\" alt=\"La Haute Roussiere, la nouvelle serre\" src=\"http:\/\/lesjardinsdelaroussiere.fr\/wp-content\/uploads\/2013\/05\/10052013_La_nouvelle_serre.jpg\" width=\"500\" height=\"332\" srcset=\"http:\/\/lesjardinsdelaroussiere.fr\/wp-content\/uploads\/2013\/05\/10052013_La_nouvelle_serre.jpg 500w, http:\/\/lesjardinsdelaroussiere.fr\/wp-content\/uploads\/2013\/05\/10052013_La_nouvelle_serre-300x199.jpg 300w, http:\/\/lesjardinsdelaroussiere.fr\/wp-content\/uploads\/2013\/05\/10052013_La_nouvelle_serre-451x300.jpg 451w\" sizes=\"(max-width: 500px) 100vw, 500px\" \/><\/a><a href=\"http:\/\/lesjardinsdelaroussiere.fr\/wp-content\/uploads\/2013\/05\/10052013_Plants_tomates_nouvelle_serre.jpg\"><img decoding=\"async\" loading=\"lazy\" class=\"aligncenter size-full wp-image-2504\" alt=\"Plants de tomates nouvelle serre\" src=\"http:\/\/lesjardinsdelaroussiere.fr\/wp-content\/uploads\/2013\/05\/10052013_Plants_tomates_nouvelle_serre.jpg\" width=\"500\" height=\"332\" srcset=\"http:\/\/lesjardinsdelaroussiere.fr\/wp-content\/uploads\/2013\/05\/10052013_Plants_tomates_nouvelle_serre.jpg 500w, http:\/\/lesjardinsdelaroussiere.fr\/wp-content\/uploads\/2013\/05\/10052013_Plants_tomates_nouvelle_serre-300x199.jpg 300w, http:\/\/lesjardinsdelaroussiere.fr\/wp-content\/uploads\/2013\/05\/10052013_Plants_tomates_nouvelle_serre-451x300.jpg 451w\" sizes=\"(max-width: 500px) 100vw, 500px\" \/><\/a>S\u00e9verine est ravie, car on peut observer sur quelques plants, les premi\u00e8res fleurs qui sont apparues !<\/p>\n<p style=\"text-align: justify;\"><a href=\"http:\/\/lesjardinsdelaroussiere.fr\/wp-content\/uploads\/2013\/05\/10052013_Plant_tomate_en_fleurs.jpg\"><img decoding=\"async\" loading=\"lazy\" class=\"aligncenter size-full wp-image-2498\" alt=\"Nouvelle serre plant de tomates en fleurs\" src=\"http:\/\/lesjardinsdelaroussiere.fr\/wp-content\/uploads\/2013\/05\/10052013_Plant_tomate_en_fleurs.jpg\" width=\"500\" height=\"331\" srcset=\"http:\/\/lesjardinsdelaroussiere.fr\/wp-content\/uploads\/2013\/05\/10052013_Plant_tomate_en_fleurs.jpg 500w, http:\/\/lesjardinsdelaroussiere.fr\/wp-content\/uploads\/2013\/05\/10052013_Plant_tomate_en_fleurs-300x198.jpg 300w, http:\/\/lesjardinsdelaroussiere.fr\/wp-content\/uploads\/2013\/05\/10052013_Plant_tomate_en_fleurs-453x300.jpg 453w\" sizes=\"(max-width: 500px) 100vw, 500px\" \/><\/a>Les cordes que vous voyez pendre du plafond de la serre vont bien \u00e9videmment servir de \u00ab\u00a0tuteurs\u00a0\u00bb comme vous l&rsquo;aurez devin\u00e9, tout au long de la croissance des plants, cordes qu&rsquo;il faudra patiemment retendre au fur et \u00e0 mesure&#8230;<br \/>Malgr\u00e9 les nuages bien gris au moment de la visite, on sent bien la chaleur qui r\u00e8gne au sein de la serre !<\/p>\n<p style=\"text-align: justify;\">Dans la serre imm\u00e9diatement \u00e0 c\u00f4t\u00e9, c&rsquo;est une toute autre culture qui nous attend, puisque celle-ci abrite des plants de tomates (<em>\u00e0 droite, l\u00e9g\u00e8rement cach\u00e9s par les plants d&rsquo;oignons<\/em>), d&rsquo;oignons blancs en rangs serr\u00e9s et sur la gauche, des plants de f\u00e8ves plus \u00e9pars que ceux que l&rsquo;on a pu d\u00e9couvrir \u00e0 ciel ouvert au d\u00e9but de cet article&#8230;<\/p>\n<p style=\"text-align: justify;\"><a href=\"http:\/\/lesjardinsdelaroussiere.fr\/wp-content\/uploads\/2013\/05\/10052013_oignons_blancs.jpg\"><img decoding=\"async\" loading=\"lazy\" class=\"aligncenter size-full wp-image-2495\" alt=\"Rang d'oignons blancs sous serre\" src=\"http:\/\/lesjardinsdelaroussiere.fr\/wp-content\/uploads\/2013\/05\/10052013_oignons_blancs.jpg\" width=\"500\" height=\"332\" srcset=\"http:\/\/lesjardinsdelaroussiere.fr\/wp-content\/uploads\/2013\/05\/10052013_oignons_blancs.jpg 500w, http:\/\/lesjardinsdelaroussiere.fr\/wp-content\/uploads\/2013\/05\/10052013_oignons_blancs-300x199.jpg 300w, http:\/\/lesjardinsdelaroussiere.fr\/wp-content\/uploads\/2013\/05\/10052013_oignons_blancs-451x300.jpg 451w\" sizes=\"(max-width: 500px) 100vw, 500px\" \/><\/a><a href=\"http:\/\/lesjardinsdelaroussiere.fr\/wp-content\/uploads\/2013\/05\/10052013_Feves.jpg\"><img decoding=\"async\" loading=\"lazy\" class=\"aligncenter size-full wp-image-2488\" alt=\"Plants f\u00e8ves sous serre\" src=\"http:\/\/lesjardinsdelaroussiere.fr\/wp-content\/uploads\/2013\/05\/10052013_Feves.jpg\" width=\"500\" height=\"332\" srcset=\"http:\/\/lesjardinsdelaroussiere.fr\/wp-content\/uploads\/2013\/05\/10052013_Feves.jpg 500w, http:\/\/lesjardinsdelaroussiere.fr\/wp-content\/uploads\/2013\/05\/10052013_Feves-300x199.jpg 300w, http:\/\/lesjardinsdelaroussiere.fr\/wp-content\/uploads\/2013\/05\/10052013_Feves-451x300.jpg 451w\" sizes=\"(max-width: 500px) 100vw, 500px\" \/><\/a>Un peu plus loin dans cette serre, et sur la droite, on\u00a0 d\u00e9couvre une rang\u00e9e de concombres, et enfin une rang\u00e9e de poivrons !<\/p>\n<p style=\"text-align: justify;\"><a href=\"http:\/\/lesjardinsdelaroussiere.fr\/wp-content\/uploads\/2013\/05\/10052013_Plant_concombre.jpg\"><img decoding=\"async\" loading=\"lazy\" class=\"aligncenter size-full wp-image-2496\" alt=\"Plant de concombres\" src=\"http:\/\/lesjardinsdelaroussiere.fr\/wp-content\/uploads\/2013\/05\/10052013_Plant_concombre.jpg\" width=\"333\" height=\"500\" srcset=\"http:\/\/lesjardinsdelaroussiere.fr\/wp-content\/uploads\/2013\/05\/10052013_Plant_concombre.jpg 333w, http:\/\/lesjardinsdelaroussiere.fr\/wp-content\/uploads\/2013\/05\/10052013_Plant_concombre-199x300.jpg 199w\" sizes=\"(max-width: 333px) 100vw, 333px\" \/><\/a><a href=\"http:\/\/lesjardinsdelaroussiere.fr\/wp-content\/uploads\/2013\/05\/10052013_Plants_de_poivrons.jpg\"><img decoding=\"async\" loading=\"lazy\" class=\"aligncenter size-full wp-image-2502\" alt=\"Plants de poivrons\" src=\"http:\/\/lesjardinsdelaroussiere.fr\/wp-content\/uploads\/2013\/05\/10052013_Plants_de_poivrons.jpg\" width=\"500\" height=\"331\" srcset=\"http:\/\/lesjardinsdelaroussiere.fr\/wp-content\/uploads\/2013\/05\/10052013_Plants_de_poivrons.jpg 500w, http:\/\/lesjardinsdelaroussiere.fr\/wp-content\/uploads\/2013\/05\/10052013_Plants_de_poivrons-300x198.jpg 300w, http:\/\/lesjardinsdelaroussiere.fr\/wp-content\/uploads\/2013\/05\/10052013_Plants_de_poivrons-453x300.jpg 453w\" sizes=\"(max-width: 500px) 100vw, 500px\" \/><\/a>A c\u00f4t\u00e9 de ces deux serres bien \u00ab\u00a0rang\u00e9es\u00a0\u00bb celle d&rsquo;\u00e0 c\u00f4t\u00e9 fait curieusement plus \u00ab\u00a0jungle\u00a0\u00bb laiss\u00e9e \u00e0 l&rsquo;abandon !<br \/>Les plants mont\u00e9s ainsi que les mauvaises herbes donnent l&rsquo;impression que la serre a \u00e9t\u00e9 n\u00e9glig\u00e9e, mais non, rassurez-vous, ce n&rsquo;est pas le cas, il s&rsquo;agit de plants en fin de vie, que S\u00e9verine laisse monter pour, soit r\u00e9cup\u00e9rer les graines, soit utiliser en compost !<br \/>Rien ne se perd, tout se recycle dans les exploitations !<\/p>\n<p style=\"text-align: justify;\">Toutefois, au premier plan, \u00e0 droite, c&rsquo;est bien du persil mont\u00e9 que l&rsquo;on distingue&#8230;<\/p>\n<p style=\"text-align: justify;\"><a href=\"http:\/\/lesjardinsdelaroussiere.fr\/wp-content\/uploads\/2013\/05\/10052013_Rang_fenouil_non_monte.jpg\"><img decoding=\"async\" loading=\"lazy\" class=\"aligncenter size-full wp-image-2513\" alt=\"Rang de fenouil non mont\u00e9\" src=\"http:\/\/lesjardinsdelaroussiere.fr\/wp-content\/uploads\/2013\/05\/10052013_Rang_fenouil_non_monte.jpg\" width=\"500\" height=\"332\" srcset=\"http:\/\/lesjardinsdelaroussiere.fr\/wp-content\/uploads\/2013\/05\/10052013_Rang_fenouil_non_monte.jpg 500w, http:\/\/lesjardinsdelaroussiere.fr\/wp-content\/uploads\/2013\/05\/10052013_Rang_fenouil_non_monte-300x199.jpg 300w, http:\/\/lesjardinsdelaroussiere.fr\/wp-content\/uploads\/2013\/05\/10052013_Rang_fenouil_non_monte-451x300.jpg 451w\" sizes=\"(max-width: 500px) 100vw, 500px\" \/><\/a>Un peu plus loin, dans la chaleur l\u00e9g\u00e8rement moite, on aper\u00e7oit les fameux pieds de blettes quasiment \u00e0 hauteur d&rsquo;homme, qui eux vont finir de leur belle vie apr\u00e8s avoir fait le r\u00e9gal des AMAPiens pendant plusieurs semaines cet hiver !<\/p>\n<p style=\"text-align: justify;\"><a href=\"http:\/\/lesjardinsdelaroussiere.fr\/wp-content\/uploads\/2013\/05\/10052013_Blettes_montees.jpg\"><img decoding=\"async\" loading=\"lazy\" class=\"aligncenter size-full wp-image-2481\" alt=\"Blettes mont\u00e9es sous serre\" src=\"http:\/\/lesjardinsdelaroussiere.fr\/wp-content\/uploads\/2013\/05\/10052013_Blettes_montees.jpg\" width=\"500\" height=\"332\" srcset=\"http:\/\/lesjardinsdelaroussiere.fr\/wp-content\/uploads\/2013\/05\/10052013_Blettes_montees.jpg 500w, http:\/\/lesjardinsdelaroussiere.fr\/wp-content\/uploads\/2013\/05\/10052013_Blettes_montees-300x199.jpg 300w, http:\/\/lesjardinsdelaroussiere.fr\/wp-content\/uploads\/2013\/05\/10052013_Blettes_montees-451x300.jpg 451w\" sizes=\"(max-width: 500px) 100vw, 500px\" \/><\/a>Dans la derni\u00e8re grande serre, hormis une rang\u00e9e de fenouil mont\u00e9, blottie contre la paroi de la serre sur un bout, et les restes de choux pointus au fond, de l&rsquo;autre c\u00f4t\u00e9, c&rsquo;est le vide qui domine, mais pas pour longtemps&#8230;<\/p>\n<p style=\"text-align: justify;\"><a href=\"http:\/\/lesjardinsdelaroussiere.fr\/wp-content\/uploads\/2013\/05\/10052013_Cinquieme_serre_et_fenouil.jpg\"><img decoding=\"async\" loading=\"lazy\" class=\"aligncenter size-full wp-image-2482\" alt=\"Cinquieme serre et fenouil\" src=\"http:\/\/lesjardinsdelaroussiere.fr\/wp-content\/uploads\/2013\/05\/10052013_Cinquieme_serre_et_fenouil.jpg\" width=\"500\" height=\"332\" srcset=\"http:\/\/lesjardinsdelaroussiere.fr\/wp-content\/uploads\/2013\/05\/10052013_Cinquieme_serre_et_fenouil.jpg 500w, http:\/\/lesjardinsdelaroussiere.fr\/wp-content\/uploads\/2013\/05\/10052013_Cinquieme_serre_et_fenouil-300x199.jpg 300w, http:\/\/lesjardinsdelaroussiere.fr\/wp-content\/uploads\/2013\/05\/10052013_Cinquieme_serre_et_fenouil-451x300.jpg 451w\" sizes=\"(max-width: 500px) 100vw, 500px\" \/><\/a><a href=\"http:\/\/lesjardinsdelaroussiere.fr\/wp-content\/uploads\/2013\/05\/10052013_Fenouil_monte.jpg\"><img decoding=\"async\" loading=\"lazy\" class=\"aligncenter size-full wp-image-2487\" alt=\"Fenouil mont\u00e9 sous serre\" src=\"http:\/\/lesjardinsdelaroussiere.fr\/wp-content\/uploads\/2013\/05\/10052013_Fenouil_monte.jpg\" width=\"500\" height=\"332\" srcset=\"http:\/\/lesjardinsdelaroussiere.fr\/wp-content\/uploads\/2013\/05\/10052013_Fenouil_monte.jpg 500w, http:\/\/lesjardinsdelaroussiere.fr\/wp-content\/uploads\/2013\/05\/10052013_Fenouil_monte-300x199.jpg 300w, http:\/\/lesjardinsdelaroussiere.fr\/wp-content\/uploads\/2013\/05\/10052013_Fenouil_monte-451x300.jpg 451w\" sizes=\"(max-width: 500px) 100vw, 500px\" \/><\/a><a href=\"http:\/\/lesjardinsdelaroussiere.fr\/wp-content\/uploads\/2013\/05\/10052013_Rang_choux_pointus.jpg\"><img decoding=\"async\" loading=\"lazy\" class=\"aligncenter size-full wp-image-2505\" alt=\"Rangs de choux pointus sous serre\" src=\"http:\/\/lesjardinsdelaroussiere.fr\/wp-content\/uploads\/2013\/05\/10052013_Rang_choux_pointus.jpg\" width=\"500\" height=\"331\" srcset=\"http:\/\/lesjardinsdelaroussiere.fr\/wp-content\/uploads\/2013\/05\/10052013_Rang_choux_pointus.jpg 500w, http:\/\/lesjardinsdelaroussiere.fr\/wp-content\/uploads\/2013\/05\/10052013_Rang_choux_pointus-300x198.jpg 300w, http:\/\/lesjardinsdelaroussiere.fr\/wp-content\/uploads\/2013\/05\/10052013_Rang_choux_pointus-453x300.jpg 453w\" sizes=\"(max-width: 500px) 100vw, 500px\" \/><\/a>Nous terminons par l&rsquo;antre de la \u00ab\u00a0magicienne du v\u00e9g\u00e9tal\u00a0\u00bb, un coin secret o\u00f9 s&rsquo;\u00e9labore les futures r\u00e9coltes&#8230;<br \/>Je me suis discr\u00e8tement introduit dans ce coin secret ressemblant \u00e0 s&rsquo;y m\u00e9prendre \u00e0 une serre, peut-\u00eatre un leurre pour les curieux observant de loin l&rsquo;alignement de celles-ci&#8230;<\/p>\n<p style=\"text-align: justify;\">Chut !!, suivez-moi sans faire de bruit&#8230;<\/p>\n<p style=\"text-align: justify;\"><a href=\"http:\/\/lesjardinsdelaroussiere.fr\/wp-content\/uploads\/2013\/05\/10052013_La_serre_labo_vue_generale.jpg\"><img decoding=\"async\" loading=\"lazy\" class=\"aligncenter size-full wp-image-2491\" alt=\"Serre semis et plants : vue g\u00e9n\u00e9rale\" src=\"http:\/\/lesjardinsdelaroussiere.fr\/wp-content\/uploads\/2013\/05\/10052013_La_serre_labo_vue_generale.jpg\" width=\"500\" height=\"332\" srcset=\"http:\/\/lesjardinsdelaroussiere.fr\/wp-content\/uploads\/2013\/05\/10052013_La_serre_labo_vue_generale.jpg 500w, http:\/\/lesjardinsdelaroussiere.fr\/wp-content\/uploads\/2013\/05\/10052013_La_serre_labo_vue_generale-300x199.jpg 300w, http:\/\/lesjardinsdelaroussiere.fr\/wp-content\/uploads\/2013\/05\/10052013_La_serre_labo_vue_generale-451x300.jpg 451w\" sizes=\"(max-width: 500px) 100vw, 500px\" \/><\/a>Tout autour un empilement de cagettes o\u00f9 l&rsquo;on peut d\u00e9couvrir soigneusement \u00e9tiquet\u00e9s, les semis et plants des futures productions !<\/p>\n<p style=\"text-align: justify;\"><a href=\"http:\/\/lesjardinsdelaroussiere.fr\/wp-content\/uploads\/2013\/05\/10052013_La_serre_labo_d\u00e9tail.jpg\"><img decoding=\"async\" loading=\"lazy\" class=\"aligncenter size-full wp-image-2490\" alt=\"Serre semis et plants : d\u00e9tail\" src=\"http:\/\/lesjardinsdelaroussiere.fr\/wp-content\/uploads\/2013\/05\/10052013_La_serre_labo_d\u00e9tail.jpg\" width=\"500\" height=\"332\" srcset=\"http:\/\/lesjardinsdelaroussiere.fr\/wp-content\/uploads\/2013\/05\/10052013_La_serre_labo_d\u00e9tail.jpg 500w, http:\/\/lesjardinsdelaroussiere.fr\/wp-content\/uploads\/2013\/05\/10052013_La_serre_labo_d\u00e9tail-300x199.jpg 300w, http:\/\/lesjardinsdelaroussiere.fr\/wp-content\/uploads\/2013\/05\/10052013_La_serre_labo_d\u00e9tail-451x300.jpg 451w\" sizes=\"(max-width: 500px) 100vw, 500px\" \/><\/a>L\u00e0, il faut \u00eatre fin jardinier, et encore !,\u00a0 pour reconnaitre au premier coup d&rsquo;oeil les jeunes plants, raison pour laquelle notre pro du bio prend ses pr\u00e9cautions m&rsquo;a t&rsquo;elle chuchot\u00e9 dans le creux de l&rsquo;oreille&#8230;<br \/>Plants de c\u00e9l\u00e9ri boule, de courges&#8230;<\/p>\n<p style=\"text-align: justify;\"><a href=\"http:\/\/lesjardinsdelaroussiere.fr\/wp-content\/uploads\/2013\/05\/10052013_Plants_de_celeri_boule.jpg\"><img decoding=\"async\" loading=\"lazy\" class=\"aligncenter size-full wp-image-2499\" alt=\"Serre semis et plants : plants de celeri boule\" src=\"http:\/\/lesjardinsdelaroussiere.fr\/wp-content\/uploads\/2013\/05\/10052013_Plants_de_celeri_boule.jpg\" width=\"500\" height=\"331\" srcset=\"http:\/\/lesjardinsdelaroussiere.fr\/wp-content\/uploads\/2013\/05\/10052013_Plants_de_celeri_boule.jpg 500w, http:\/\/lesjardinsdelaroussiere.fr\/wp-content\/uploads\/2013\/05\/10052013_Plants_de_celeri_boule-300x198.jpg 300w, http:\/\/lesjardinsdelaroussiere.fr\/wp-content\/uploads\/2013\/05\/10052013_Plants_de_celeri_boule-453x300.jpg 453w\" sizes=\"(max-width: 500px) 100vw, 500px\" \/><\/a><a href=\"http:\/\/lesjardinsdelaroussiere.fr\/wp-content\/uploads\/2013\/05\/10052013_Plants_de_courges.jpg\"><img decoding=\"async\" loading=\"lazy\" class=\"aligncenter size-full wp-image-2500\" alt=\"Serre semis et plants : plants de courges\" src=\"http:\/\/lesjardinsdelaroussiere.fr\/wp-content\/uploads\/2013\/05\/10052013_Plants_de_courges.jpg\" width=\"500\" height=\"331\" srcset=\"http:\/\/lesjardinsdelaroussiere.fr\/wp-content\/uploads\/2013\/05\/10052013_Plants_de_courges.jpg 500w, http:\/\/lesjardinsdelaroussiere.fr\/wp-content\/uploads\/2013\/05\/10052013_Plants_de_courges-300x198.jpg 300w, http:\/\/lesjardinsdelaroussiere.fr\/wp-content\/uploads\/2013\/05\/10052013_Plants_de_courges-453x300.jpg 453w\" sizes=\"(max-width: 500px) 100vw, 500px\" \/><\/a>&#8230; d&rsquo;autres, plus reconnaissables, de courgettes&#8230;<\/p>\n<p style=\"text-align: justify;\"><a href=\"http:\/\/lesjardinsdelaroussiere.fr\/wp-content\/uploads\/2013\/05\/10052013_Plants_de_courgettes.jpg\"><img decoding=\"async\" loading=\"lazy\" class=\"aligncenter size-full wp-image-2501\" alt=\"Serre semis et plants : Plants de courgettes\" src=\"http:\/\/lesjardinsdelaroussiere.fr\/wp-content\/uploads\/2013\/05\/10052013_Plants_de_courgettes.jpg\" width=\"500\" height=\"331\" srcset=\"http:\/\/lesjardinsdelaroussiere.fr\/wp-content\/uploads\/2013\/05\/10052013_Plants_de_courgettes.jpg 500w, http:\/\/lesjardinsdelaroussiere.fr\/wp-content\/uploads\/2013\/05\/10052013_Plants_de_courgettes-300x198.jpg 300w, http:\/\/lesjardinsdelaroussiere.fr\/wp-content\/uploads\/2013\/05\/10052013_Plants_de_courgettes-453x300.jpg 453w\" sizes=\"(max-width: 500px) 100vw, 500px\" \/><\/a>Je ne vous ai pas tout mis, mais il y a presque toutes les vari\u00e9t\u00e9s de l\u00e9gumes que S\u00e9verine produit, qui se trouvent rassembl\u00e9es dans ces quelques m\u00e8tres carr\u00e9s !<\/p>\n<p style=\"text-align: justify;\">De l&rsquo;autre c\u00f4t\u00e9, les armes biologiques sont \u00e9galement en cours de production !<\/p>\n<p style=\"text-align: justify;\">L\u00e0 o\u00f9 les producteurs traditionnels se reposent quasi exclusivement sur les produits chimiques, notre productrice bio \u00e9labore ses armes \u00ab\u00a0biologiques\u00a0\u00bb presqu&rsquo;aussi efficaces !<\/p>\n<p style=\"text-align: justify;\"><a href=\"http:\/\/lesjardinsdelaroussiere.fr\/wp-content\/uploads\/2013\/05\/10052013_Plants_oeillets_d_inde_cosmos_amaranthe_pavots_capucines.jpg\"><img decoding=\"async\" loading=\"lazy\" class=\"aligncenter size-full wp-image-2503\" alt=\"Serre semis et plants : plants d'oeillets d'inde, cosmos, amaranthe, pavots et capucines\" src=\"http:\/\/lesjardinsdelaroussiere.fr\/wp-content\/uploads\/2013\/05\/10052013_Plants_oeillets_d_inde_cosmos_amaranthe_pavots_capucines.jpg\" width=\"500\" height=\"331\" srcset=\"http:\/\/lesjardinsdelaroussiere.fr\/wp-content\/uploads\/2013\/05\/10052013_Plants_oeillets_d_inde_cosmos_amaranthe_pavots_capucines.jpg 500w, http:\/\/lesjardinsdelaroussiere.fr\/wp-content\/uploads\/2013\/05\/10052013_Plants_oeillets_d_inde_cosmos_amaranthe_pavots_capucines-300x198.jpg 300w, http:\/\/lesjardinsdelaroussiere.fr\/wp-content\/uploads\/2013\/05\/10052013_Plants_oeillets_d_inde_cosmos_amaranthe_pavots_capucines-453x300.jpg 453w\" sizes=\"(max-width: 500px) 100vw, 500px\" \/><\/a>Ses armes ont pour noms : Oeillets d&rsquo;Inde (<em>prot\u00e8ge contre les mouches blanches, n\u00e9matodes, petits vers blancs)<\/em>, Cosmos et Amaranthe aussi appel\u00e9e \u00ab\u00a0queue du renard\u00a0\u00bb(<em>favorisent la pollinisation<\/em>), etc&#8230;<\/p>\n<p style=\"text-align: justify;\">Ce volet de la lutte biologique implique de bien connaitre ses ennemis (merci Lao Tseu !), et pour cela, un producteur bio se doit d&rsquo;utiliser les m\u00eames armes que lui !<br \/>Ces aides ont pour nom : syrphes, coccinelles, chrysopes, petites gu\u00eapes, punaises pr\u00e9datrices, etc ! <br \/>Afin de b\u00e9n\u00e9ficier de leurs services, il convient de leur apporter de quoi se nourrir, et c&rsquo;est le r\u00f4le des ombellif\u00e8res, c&rsquo;est \u00e0 dire le fenouil, la carotte, etc&#8230;<\/p>\n<p style=\"text-align: justify;\">Comme le savent les amis du potager, l&rsquo;association plants de l\u00e9gumes\/fleurs n&rsquo;a pas uniquement pour vocation de lutter contre les parasites et ravageurs, certaines fleurs sont \u00e9galement utilis\u00e9es afin de favoriser la pollinisation, \u00e9tape \u00f4 combien vitale sans laquelle nous serions dans de \u00ab\u00a0sales draps\u00a0\u00bb, ce que l&rsquo;on a tendance \u00e0 oublier !.<\/p>\n<p style=\"text-align: justify;\">L\u00e0 encore, S\u00e9verine se fait aider de nos amies les abeilles et \u00e0 install\u00e9 pour cela, trois ruches sur son exploitation !<\/p>\n<p style=\"text-align: justify;\"><a href=\"http:\/\/lesjardinsdelaroussiere.fr\/wp-content\/uploads\/2013\/05\/10052013_Une_des_ruches.jpg\"><img decoding=\"async\" loading=\"lazy\" class=\"aligncenter size-full wp-image-2517\" alt=\"Ruche les hauts de la Roussiere\" src=\"http:\/\/lesjardinsdelaroussiere.fr\/wp-content\/uploads\/2013\/05\/10052013_Une_des_ruches.jpg\" width=\"331\" height=\"500\" srcset=\"http:\/\/lesjardinsdelaroussiere.fr\/wp-content\/uploads\/2013\/05\/10052013_Une_des_ruches.jpg 331w, http:\/\/lesjardinsdelaroussiere.fr\/wp-content\/uploads\/2013\/05\/10052013_Une_des_ruches-198x300.jpg 198w\" sizes=\"(max-width: 331px) 100vw, 331px\" \/><\/a>Certes, ce ne sont pas seulement ces trois ruches qui permettent aux abeilles de polliniser la totalit\u00e9 des plants, mais elles y contribuent bien \u00e9videmment fortement !<\/p>\n<p style=\"text-align: justify;\">Malgr\u00e9 ses demandes, ses voisins producteurs n&rsquo;ont pas tous jou\u00e9 le jeu, et continuent d&rsquo;utiliser des pesticides&#8230;<br \/>Peut-\u00eatre pas le tristement c\u00e9l\u00e8bre \u00ab\u00a0Cruiser\u00a0\u00bb, ou le \u00ab\u00a0Gaucho\u00a0\u00bb et le \u00ab\u00a0R\u00e9gent\u00a0\u00bb, mais allez savoir !<br \/>Ce ne sont toutefois pas les seuls ennemis de nos amies les abeilles, elles paient \u00e9galement un lourd tribu aux champignons (<em>Nosema Ceranea<\/em>), aux acariens (<em>varroa<\/em>) et tout derni\u00e8rement, est apparu un autre ennemi redoutable qui a commenc\u00e9 \u00e0 d\u00e9frayer la chronique dans notre d\u00e9partement, le fameux \u00ab\u00a0frelon asiatique\u00a0\u00bb qui croque de l&rsquo;abeille en plein vol comme vous et moi mangerions des fraises Tagada !<\/p>\n<p style=\"text-align: justify;\">Autre r\u00f4le potentiel de certaines fleurs celui de \u00ab\u00a0pare-soleil\u00a0\u00bb !<\/p>\n<p style=\"text-align: justify;\">Par leur croissance parall\u00e8le, les Cosmos, l&rsquo;Aneth, l&rsquo;Amaranthe, par exemple, peuvent apporter un peu d&rsquo;ombre lorsque le soleil est \u00e0 son z\u00e9nith !<\/p>\n<p style=\"text-align: justify;\">Puis, certaines esp\u00e8ces servent d&rsquo;engrais naturel, de \u00ab\u00a0d\u00e9sinfectant\u00a0\u00bb ou \u00ab\u00a0d\u00e9compacteur de sol\u00a0\u00bb aux producteurs : moutarde, soucis, onagre, lin, etc.<br \/>Pour l&rsquo;azote, le r\u00f4le est d\u00e9volu aux vesces, trefles, lupin, etc.<\/p>\n<p style=\"text-align: justify;\">Pour finir sur cette serre de lutte biologique, j&rsquo;ai remarqu\u00e9 une cagette remplie de plants qui sera utilis\u00e9e \u00e0 d&rsquo;autres fins, puisqu&rsquo;elle contenait des&#8230;capucines !<\/p>\n<p style=\"text-align: justify;\"><a href=\"http:\/\/lesjardinsdelaroussiere.fr\/wp-content\/uploads\/2013\/05\/10052013_La_serre_labo_capucines.jpg\"><img decoding=\"async\" loading=\"lazy\" class=\"aligncenter size-full wp-image-2489\" alt=\"Serre semis et plants : les capucines\" src=\"http:\/\/lesjardinsdelaroussiere.fr\/wp-content\/uploads\/2013\/05\/10052013_La_serre_labo_capucines.jpg\" width=\"500\" height=\"332\" srcset=\"http:\/\/lesjardinsdelaroussiere.fr\/wp-content\/uploads\/2013\/05\/10052013_La_serre_labo_capucines.jpg 500w, http:\/\/lesjardinsdelaroussiere.fr\/wp-content\/uploads\/2013\/05\/10052013_La_serre_labo_capucines-300x199.jpg 300w, http:\/\/lesjardinsdelaroussiere.fr\/wp-content\/uploads\/2013\/05\/10052013_La_serre_labo_capucines-451x300.jpg 451w\" sizes=\"(max-width: 500px) 100vw, 500px\" \/><\/a>S\u00e9verine m&rsquo;a \u00e9galement l\u00e2ch\u00e9 lors de notre conversation qu&rsquo;elle comptait bien nous faire d\u00e9couvrir les vertus comestibles de cette tr\u00e8s belle plante initialement utilis\u00e9e pour ses qualit\u00e9s ornementales !<br \/>Tenez-le vous pour dit, ce sera une saison \u00ab\u00a0d\u00e9couverte\u00a0\u00bb, mais chut, je ne vous ai \u00e9galement rien dit !<\/p>\n<p style=\"text-align: justify;\">Tandis que je finissais de photographier discr\u00e8tement le \u00ab\u00a0labo\u00a0\u00bb, S\u00e9verine admirait ses quatre rang\u00e9es de fraisiers qui promettent de fournir une bien belle r\u00e9colte si dame Nature veut bien collaborer !<\/p>\n<p style=\"text-align: justify;\"><a href=\"http:\/\/lesjardinsdelaroussiere.fr\/wp-content\/uploads\/2013\/05\/10052013_Les_rangs_de_fraisiers.jpg\"><img decoding=\"async\" loading=\"lazy\" class=\"aligncenter size-full wp-image-2493\" alt=\"Les rangs de fraisiers\" src=\"http:\/\/lesjardinsdelaroussiere.fr\/wp-content\/uploads\/2013\/05\/10052013_Les_rangs_de_fraisiers.jpg\" width=\"500\" height=\"332\" srcset=\"http:\/\/lesjardinsdelaroussiere.fr\/wp-content\/uploads\/2013\/05\/10052013_Les_rangs_de_fraisiers.jpg 500w, http:\/\/lesjardinsdelaroussiere.fr\/wp-content\/uploads\/2013\/05\/10052013_Les_rangs_de_fraisiers-300x199.jpg 300w, http:\/\/lesjardinsdelaroussiere.fr\/wp-content\/uploads\/2013\/05\/10052013_Les_rangs_de_fraisiers-451x300.jpg 451w\" sizes=\"(max-width: 500px) 100vw, 500px\" \/><\/a><a href=\"http:\/\/lesjardinsdelaroussiere.fr\/wp-content\/uploads\/2013\/05\/10052013_Plant_fraise.jpg\"><img decoding=\"async\" loading=\"lazy\" class=\"aligncenter size-full wp-image-2497\" alt=\"Plant de fraises\" src=\"http:\/\/lesjardinsdelaroussiere.fr\/wp-content\/uploads\/2013\/05\/10052013_Plant_fraise.jpg\" width=\"500\" height=\"331\" srcset=\"http:\/\/lesjardinsdelaroussiere.fr\/wp-content\/uploads\/2013\/05\/10052013_Plant_fraise.jpg 500w, http:\/\/lesjardinsdelaroussiere.fr\/wp-content\/uploads\/2013\/05\/10052013_Plant_fraise-300x198.jpg 300w, http:\/\/lesjardinsdelaroussiere.fr\/wp-content\/uploads\/2013\/05\/10052013_Plant_fraise-453x300.jpg 453w\" sizes=\"(max-width: 500px) 100vw, 500px\" \/><\/a>Voil\u00e0 qui met fin \u00e0 cette visite guid\u00e9e de l&rsquo;exploitation de la Haute Roussi\u00e8re, j&rsquo;esp\u00e8re que vous aurez tout comme moi appr\u00e9ci\u00e9 ce tour de propri\u00e9taire, mais si\u00a0le coeur vous en dit, je vous invite \u00e0 prendre le temps de vous y rendre, pour peu que vous aillez inform\u00e9 au pr\u00e9alable S\u00e9verine de votre visite, elle se fera un plaisir de vous la faire d\u00e9couvrir !<\/p>\n<p style=\"text-align: justify;\"><strong><em>Le webmaster<\/em><\/strong>.<\/p>\n<p style=\"text-align: justify;\">\u00a0<\/p>\n","protected":false},"excerpt":{"rendered":"<p>Bonjour \u00e0 toutes et \u00e0 tous ! En ce beau printemps&#8230; humide, m&rsquo;est venue l&rsquo;envie de visiter les serres de la Haute Roussi\u00e8re ! Il m&rsquo;a fallu jouer au gymkhana avec la m\u00e9t\u00e9o, mes disponibilit\u00e9s et celles de notre productrice, &hellip; <a href=\"https:\/\/www.lesjardinsdelaroussiere.fr\/?p=2518\">Continuer la lecture <span class=\"meta-nav\">&rarr;<\/span><\/a><\/p>\n","protected":false},"author":2,"featured_media":0,"comment_status":"closed","ping_status":"open","sticky":false,"template":"","format":"standard","meta":[],"categories":[6],"tags":[238,239,237],"views":6959,"_links":{"self":[{"href":"https:\/\/www.lesjardinsdelaroussiere.fr\/index.php?rest_route=\/wp\/v2\/posts\/2518"}],"collection":[{"href":"https:\/\/www.lesjardinsdelaroussiere.fr\/index.php?rest_route=\/wp\/v2\/posts"}],"about":[{"href":"https:\/\/www.lesjardinsdelaroussiere.fr\/index.php?rest_route=\/wp\/v2\/types\/post"}],"author":[{"embeddable":true,"href":"https:\/\/www.lesjardinsdelaroussiere.fr\/index.php?rest_route=\/wp\/v2\/users\/2"}],"replies":[{"embeddable":true,"href":"https:\/\/www.lesjardinsdelaroussiere.fr\/index.php?rest_route=%2Fwp%2Fv2%2Fcomments&post=2518"}],"version-history":[{"count":26,"href":"https:\/\/www.lesjardinsdelaroussiere.fr\/index.php?rest_route=\/wp\/v2\/posts\/2518\/revisions"}],"predecessor-version":[{"id":2532,"href":"https:\/\/www.lesjardinsdelaroussiere.fr\/index.php?rest_route=\/wp\/v2\/posts\/2518\/revisions\/2532"}],"wp:attachment":[{"href":"https:\/\/www.lesjardinsdelaroussiere.fr\/index.php?rest_route=%2Fwp%2Fv2%2Fmedia&parent=2518"}],"wp:term":[{"taxonomy":"category","embeddable":true,"href":"https:\/\/www.lesjardinsdelaroussiere.fr\/index.php?rest_route=%2Fwp%2Fv2%2Fcategories&post=2518"},{"taxonomy":"post_tag","embeddable":true,"href":"https:\/\/www.lesjardinsdelaroussiere.fr\/index.php?rest_route=%2Fwp%2Fv2%2Ftags&post=2518"}],"curies":[{"name":"wp","href":"https:\/\/api.w.org\/{rel}","templated":true}]}}