{"id":1422,"date":"2013-04-08T23:10:23","date_gmt":"2013-04-08T21:10:23","guid":{"rendered":"http:\/\/www.lesjardinsdelaroussiere.fr\/?p=1422"},"modified":"2013-04-09T08:17:18","modified_gmt":"2013-04-09T06:17:18","slug":"contrat-pain-2013-tout-chaud","status":"publish","type":"post","link":"https:\/\/www.lesjardinsdelaroussiere.fr\/?p=1422","title":{"rendered":"Contrat Pain 2013 tout chaud !"},"content":{"rendered":"<p style=\"text-align: justify;\">Bonjour \u00e0 toutes et \u00e0 tous !<\/p>\n<p style=\"text-align: justify;\">Le voil\u00e0, tout chaud tout frais, le contrat pain cuv\u00e9e 2013 !<\/p>\n<p style=\"text-align: justify;\"><a href=\"http:\/\/lesjardinsdelaroussiere.fr\/wp-content\/uploads\/2013\/04\/08042013_Boules_de_pain.jpg\"><img decoding=\"async\" loading=\"lazy\" class=\" wp-image-1424 alignleft\" alt=\"Boules de pain AMAP\" src=\"http:\/\/lesjardinsdelaroussiere.fr\/wp-content\/uploads\/2013\/04\/08042013_Boules_de_pain.jpg\" width=\"225\" height=\"150\" \/><\/a><a href=\"http:\/\/www.lesjardinsdelaroussiere.fr\/?page_id=585\"><strong>St\u00e9phane COUTURIER<\/strong><\/a> revient avec une mouture l\u00e9g\u00e8rement remani\u00e9e de <strong><a href=\"http:\/\/lesjardinsdelaroussiere.fr\/wp-content\/uploads\/2013\/04\/Contrat_dengagement_pain_2013.pdf\">son contrat<\/a><\/strong> qui sera <strong>disponible \u00e0 partir de Mai<\/strong> de cette ann\u00e9e et ce jusqu&rsquo;en Novembre !.<\/p>\n<p style=\"text-align: justify;\">Comme d&rsquo;habitude, celui-ci est \u00e9tabli pour une dur\u00e9e de 7 mois, vous retrouverez, entre autres, les pains \u201cfarandole\u201d, un pain fantaisie, toutes les 3 semaines, en alternance, le pain \u00ab\u00a0boule\u00a0\u00bb en 300 \/ 500 et 1000 grammes, le pain \u201cmoul\u00e9\u201d, notamment le \u201cT65\u201d que les enfants adorent avec sa mie blanche, le pain de \u201cpetit-\u00e9peautre\u201d, anc\u00eatre du bl\u00e9, vraie curiosit\u00e9 gastronomique adapt\u00e9 \u00e9galement aux personnes allergiques au gluten !<\/p>\n<p style=\"text-align: justify;\">Pour la petite histoire, sachez que le mot \u00ab\u00a0\u00e9peautre\u00a0\u00bb signifie \u201cgrain v\u00eatu\u201d ce qui d\u00e9crit le fait qu&rsquo;il est attach\u00e9 \u00e0 ce que l&rsquo;on appelle sa \u201cballe\u201d.<!--more--><a href=\"http:\/\/lesjardinsdelaroussiere.fr\/wp-content\/uploads\/2013\/04\/08042013_Epis_epeautres.jpg\"><img decoding=\"async\" loading=\"lazy\" class=\" wp-image-1425 alignright\" alt=\"Epis d'epeautres\" src=\"http:\/\/lesjardinsdelaroussiere.fr\/wp-content\/uploads\/2013\/04\/08042013_Epis_epeautres.jpg\" width=\"210\" height=\"218\" srcset=\"http:\/\/lesjardinsdelaroussiere.fr\/wp-content\/uploads\/2013\/04\/08042013_Epis_epeautres.jpg 300w, http:\/\/lesjardinsdelaroussiere.fr\/wp-content\/uploads\/2013\/04\/08042013_Epis_epeautres-289x300.jpg 289w\" sizes=\"(max-width: 210px) 100vw, 210px\" \/><\/a><\/p>\n<p style=\"text-align: justify;\">Vous pouvez choisir un ou plusieurs pains \u00e0 l&rsquo;avance pour toute la p\u00e9riode d&rsquo;engagement, que vous pourrez venir chercher chaque semaine.<\/p>\n<p style=\"text-align: justify;\">Comme d&rsquo;habitude, le <strong>tuteur<\/strong> que vous pouvez consulter pour toute question administrative est <strong>Michel LEBRETON, <\/strong>le planning est quant \u00e0 lui disponible<a href=\"http:\/\/lesjardinsdelaroussiere.fr\/wp-content\/uploads\/2013\/04\/Tableau_contrat_pain_2013.pdf\"><strong> ici<\/strong><\/a>.<\/p>\n<p style=\"text-align: justify;\">A noter enfin qu&rsquo;il n&rsquo;y aura pas de livraison le 09 Mai, vous pourrez regrouper avec celle du 02 Mai, et en Aout non plus, la reprise aura lieu d\u00e8s le 29 de ce m\u00eame mois !<\/p>\n<p style=\"text-align: justify;\">Bonne d\u00e9gustation !<\/p>\n<p>&nbsp;<\/p>\n","protected":false},"excerpt":{"rendered":"<p>Bonjour \u00e0 toutes et \u00e0 tous ! Le voil\u00e0, tout chaud tout frais, le contrat pain cuv\u00e9e 2013 ! St\u00e9phane COUTURIER revient avec une mouture l\u00e9g\u00e8rement remani\u00e9e de son contrat qui sera disponible \u00e0 partir de Mai de cette ann\u00e9e &hellip; <a href=\"https:\/\/www.lesjardinsdelaroussiere.fr\/?p=1422\">Continuer la lecture <span class=\"meta-nav\">&rarr;<\/span><\/a><\/p>\n","protected":false},"author":3,"featured_media":0,"comment_status":"closed","ping_status":"open","sticky":false,"template":"","format":"standard","meta":[],"categories":[148,6],"tags":[185,47,236,235,85],"views":3062,"_links":{"self":[{"href":"https:\/\/www.lesjardinsdelaroussiere.fr\/index.php?rest_route=\/wp\/v2\/posts\/1422"}],"collection":[{"href":"https:\/\/www.lesjardinsdelaroussiere.fr\/index.php?rest_route=\/wp\/v2\/posts"}],"about":[{"href":"https:\/\/www.lesjardinsdelaroussiere.fr\/index.php?rest_route=\/wp\/v2\/types\/post"}],"author":[{"embeddable":true,"href":"https:\/\/www.lesjardinsdelaroussiere.fr\/index.php?rest_route=\/wp\/v2\/users\/3"}],"replies":[{"embeddable":true,"href":"https:\/\/www.lesjardinsdelaroussiere.fr\/index.php?rest_route=%2Fwp%2Fv2%2Fcomments&post=1422"}],"version-history":[{"count":10,"href":"https:\/\/www.lesjardinsdelaroussiere.fr\/index.php?rest_route=\/wp\/v2\/posts\/1422\/revisions"}],"predecessor-version":[{"id":1432,"href":"https:\/\/www.lesjardinsdelaroussiere.fr\/index.php?rest_route=\/wp\/v2\/posts\/1422\/revisions\/1432"}],"wp:attachment":[{"href":"https:\/\/www.lesjardinsdelaroussiere.fr\/index.php?rest_route=%2Fwp%2Fv2%2Fmedia&parent=1422"}],"wp:term":[{"taxonomy":"category","embeddable":true,"href":"https:\/\/www.lesjardinsdelaroussiere.fr\/index.php?rest_route=%2Fwp%2Fv2%2Fcategories&post=1422"},{"taxonomy":"post_tag","embeddable":true,"href":"https:\/\/www.lesjardinsdelaroussiere.fr\/index.php?rest_route=%2Fwp%2Fv2%2Ftags&post=1422"}],"curies":[{"name":"wp","href":"https:\/\/api.w.org\/{rel}","templated":true}]}}